{"id":33,"date":"2009-11-20T11:48:29","date_gmt":"2009-11-20T08:48:29","guid":{"rendered":"http:\/\/127.0.0.1\/wordpress\/?p=33"},"modified":"2023-03-24T20:35:14","modified_gmt":"2023-03-24T17:35:14","slug":"turkiye-ve-dunya-siralamalari-pdf-dosyalari","status":"publish","type":"post","link":"https:\/\/uralakbulut.com.tr\/?p=33&lang=tr","title":{"rendered":"Yazilar"},"content":{"rendered":"<table class=\" aligncenter\" border=\"0\" cellspacing=\"0\" cellpadding=\"0\">\n<tbody>\n<tr>\n<td valign=\"top\" width=\"500\">\n<p style=\"text-align: center;\"><strong><span style=\"color: #333333; font-family: Georgia, 'Times New Roman', 'Bitstream Charter', Times, serif; font-size: small;\">\u00dcN\u0130VERS\u0130TE SIRALAMALARI<\/span><\/strong><\/p>\n<ul>\n<li><a href=\"http:\/\/www.uralakbulut.com.tr\/wp-content\/uploads\/2016\/12\/\u00dcN\u0130VERS\u0130TELER-Z-KU\u015eA\u011eINI-\u0130Y\u0130-YET\u0130\u015eT\u0130RMEL\u0130-23-ARALIK-2016.pdf\" target=\"_blank\" rel=\"noopener noreferrer\">\u00dcniversiteler Z Ku\u015fa\u011f\u0131n\u0131 \u0130yi Yeti\u015ftirmeli\u00a0<\/a><\/li>\n<li><a href=\"http:\/\/www.uralakbulut.com.tr\/wp-content\/uploads\/2016\/08\/\u00dcN\u0130VERS\u0130TELER\u0130M\u0130Z-E\u011e\u0130T\u0130M-VE-ARA\u015eTIRMADA-YEN\u0130-DEVR\u0130MLERE-HAZIR-MI-2-A\u011fustos-2016-H\u00dcRR\u0130YET.pdf\" target=\"_blank\" rel=\"noopener noreferrer\">\u00dcniversitelerimiz E\u011fitim Ve Ara\u015ft\u0131rmada Yeni Devrimlere Haz\u0131r Olmal\u0131?<\/a><\/li>\n<li><a href=\"http:\/\/www.uralakbulut.com.tr\/wp-content\/uploads\/2016\/01\/20.12.2015_URAP_2015_2016_D\u00fcnya_S\u0131ralamas\u0131_Bas\u0131n_A\u00e7\u0131klamas\u0131.pdf\" target=\"_blank\" rel=\"noopener noreferrer\">URAP 2015-2016 D\u00fcnya S\u0131ralamas\u0131 Bas\u0131n A\u00e7\u0131klamas\u0131<\/a><\/li>\n<li><a href=\"http:\/\/www.uralakbulut.com.tr\/wp-content\/uploads\/2016\/01\/\u00dcN\u0130VERS\u0130TE-SIRALAMALARININ-ETK\u0130LER\u0130-14-KASIM-2015.pdf\" target=\"_blank\" rel=\"noopener noreferrer\">\u00dcniversite S\u0131ralamalar\u0131n\u0131n Toplumdaki Etkileri\u00a0<\/a><\/li>\n<li><a href=\"http:\/\/www.uralakbulut.com.tr\/wp-content\/uploads\/2015\/07\/\u00dcN\u0130VERS\u0130TE-SE\u00c7ERKEN-ADAYLAR-NELERE-D\u0130KKAT-ETMEL\u0130-M\u0130LL\u0130YET-1-TEMMUZ-2015.pdf\" target=\"_blank\" rel=\"noopener noreferrer\">\u00dcniversite Se\u00e7erken Adaylar Nelere Dikkat Etmeli? \u00a0<\/a><\/li>\n<li><a href=\"http:\/\/www.uralakbulut.com.tr\/wp-content\/uploads\/2015\/06\/URAP-26-HAZ\u0130RAN-2015-RAPORU-SON-HAL\u0130-\u00dcN\u0130VERS\u0130TEM\u0130Z\u0130N-A-23-B\u0130L\u0130M-ALANINA-G\u00d6RE-DURUMU-B-D\u00dcNYA-GENEL-SIRALAMALARINDAK\u0130-DURUMU_SON.pdf\" target=\"_blank\" rel=\"noopener noreferrer\">\u00dcniversitelerimizin 23 Bilim Alan\u0131na Ve D\u00fcnya Genel S\u0131ralamalar\u0131na G\u00f6re Durumu<\/a><\/li>\n<li><a href=\"http:\/\/www.uralakbulut.com.tr\/wp-content\/uploads\/2015\/06\/ALAN_SIRALAMASI_2014-2015_RAPORU.pdf\" target=\"_blank\" rel=\"noopener noreferrer\">(01.06.2015) 2014- 2015 D\u00fcnya \u00dcniversitelerin Alan Baz\u0131ndaki Siralamas\u0131n\u0131n Bas\u0131n Raporu A\u00e7\u0131klanm\u0131\u015ft\u0131r.<\/a><\/li>\n<li><a href=\"http:\/\/www.uralakbulut.com.tr\/wp-content\/uploads\/2015\/02\/2035-E-DO\u011eRU-\u00dcN\u0130VERS\u0130TELER-HAZIRLIKLI-OLMALI-\u015eUBAT-2015-H\u00dcRR\u0130YET.pdf\" target=\"_blank\" rel=\"noopener noreferrer\">2035\u2019e Do\u011fru: \u00dcniversiteler Haz\u0131rl\u0131kl\u0131 Olmal\u0131\u00a0<\/a><\/li>\n<li><a href=\"http:\/\/www.uralakbulut.com.tr\/wp-content\/uploads\/2014\/12\/2014-YILINDA-155-T\u00dcRK-\u00dcN\u0130VERS\u0130TES\u0130N\u0130N-DURUMU-23-ARALIK-2014.pdf\" target=\"_blank\" rel=\"noopener noreferrer\">2014 Y\u0131l\u0131nda 155 \u00dcniversitemizin D\u00fcnya S\u0131ralamalar\u0131ndaki Durumu<\/a><\/li>\n<li>U<a href=\"http:\/\/www.uralakbulut.com.tr\/wp-content\/uploads\/2014\/12\/URAP-2014-2015-D\u00fcnya-S\u0131ralamas\u0131-Bas\u0131n-A\u00e7\u0131klamas\u0131-12-Kas\u0131m-2014.pdf\" target=\"_blank\" rel=\"noopener noreferrer\">RAP 2014-2015 D\u00fcnya S\u0131ralamas\u0131 Bas\u0131n A\u00e7\u0131klamas\u0131<\/a><\/li>\n<li><a href=\"http:\/\/www.uralakbulut.com.tr\/wp-content\/uploads\/2014\/12\/URAP-TR-2014-2015-T\u00fcrkiye-S\u0131ralamas\u0131-Bas\u0131n-Bildirisi-12-KASIM-2014.pdf\" target=\"_blank\" rel=\"noopener noreferrer\">URAP TR 2014-2015 T\u00fcrkiye S\u0131ralamas\u0131 Bas\u0131n Bildirisi\u00a0<\/a><\/li>\n<li><a href=\"http:\/\/www.uralakbulut.com.tr\/wp-content\/uploads\/2014\/11\/D\u00dcNYA-SIRALAMALARINDA-\u00dcN\u0130VERS\u0130TELER\u0130M\u0130Z-DAHA-HIZLI-Y\u00dcKSELEB\u0130L\u0130R-24-KASIM-2014-H\u00dcRR\u0130YET.pdf\" target=\"_blank\" rel=\"noopener noreferrer\">D\u00fcnya S\u0131ralamalar\u0131nda \u00dcniversitelerimiz Daha H\u0131zl\u0131 Y\u00fckselebilir<\/a><\/li>\n<li><a href=\"http:\/\/www.uralakbulut.com.tr\/wp-content\/uploads\/2014\/07\/YURTDI\u015eINDA-\u00dcN\u0130VERS\u0130TE-E\u011e\u0130T\u0130M\u0130-19-TEMMUZ-2014-M\u0130LL\u0130YET.pdf\" target=\"_blank\" rel=\"noopener noreferrer\">Yurtd\u0131\u015f\u0131nda \u00dcniversite E\u011fitimi<\/a><\/li>\n<li><a href=\"http:\/\/www.uralakbulut.com.tr\/wp-content\/uploads\/2014\/07\/\u00dcN\u0130VERS\u0130TE-SIRALAMALARI-VE-\u00dcN\u0130VERS\u0130TELERE-ETK\u0130S\u0130-16-TEMMUZ-2014-H\u00dcRR\u0130YET.pdf\" target=\"_blank\" rel=\"noopener noreferrer\">\u00dcniversite S\u0131ralamalar\u0131 Ve \u00dcniversitelere Etkisi\u00a0<\/a><\/li>\n<li><a href=\"http:\/\/www.uralakbulut.com.tr\/wp-content\/uploads\/2014\/07\/\u00dcN\u0130VERST\u0130E-ADAYLARI-HERKES\u0130-D\u0130NLEY\u0130P-KARARI-KEND\u0130-VERMEL\u0130-4-TEMMUZ-2014-M\u0130LL\u0130YET.pdf\" target=\"_blank\" rel=\"noopener noreferrer\">\u00dcniversite Adaylar\u0131 Herkesi Dinleyip Karar\u0131 Kendi Vermeli\u00a0<\/a><\/li>\n<li><a href=\"http:\/\/www.uralakbulut.com.tr\/wp-content\/uploads\/2014\/06\/TERC\u0130H-A\u015eAMASINDA-\u00dcN\u0130VERS\u0130TE-SIRALAMALARININ-YARARI-28-HAZ\u0130RAN-2014-M\u0130LL\u0130YET.pdf\" target=\"_blank\" rel=\"noopener noreferrer\">Tercih A\u015famas\u0131nda, \u00dcniversite S\u0131ralamalar\u0131n\u0131n Yarar\u0131\u00a0<\/a><\/li>\n<li><a href=\"http:\/\/www.uralakbulut.com.tr\/wp-content\/uploads\/2014\/03\/S\u00dcMER-OKULLARI-NDAN-\u00dcN\u0130VERS\u0130TE-SIRALAMALARINA-4000-YILLIK-SER\u00dcVEN-12-MART-2014.pdf\" target=\"_blank\" rel=\"noopener noreferrer\">S\u00fcmer Okullar\u0131ndan \u00dcniversite S\u0131ralamalar\u0131na: 4000 Y\u0131ll\u0131k Ser\u00fcven\u00a0<\/a><\/li>\n<li><a href=\"http:\/\/www.uralakbulut.com.tr\/wp-content\/uploads\/2014\/01\/\u00dcniversite-S\u0131ralamalar\u0131-Ve-\u00dclkelerin-Geli\u015fmi\u015flik-D\u00fczeyi.pdf\" target=\"_blank\" rel=\"noopener noreferrer\">\u00dcniversite S\u0131ralamalar\u0131 ve \u00dclkelerin Geli\u015fmi\u015flik D\u00fczeyi<\/a><\/li>\n<li><a href=\"http:\/\/www.uralakbulut.com.tr\/wp-content\/uploads\/2013\/10\/2013_QS_TOPUNIVERSITIES_TURKIYE_RAPORU.pdf\" target=\"_blank\" rel=\"noopener noreferrer\">QS\u2019in D\u00fcnya \u00dcniversite S\u0131ralamas\u0131 ve \u00dcniversitelerimizin Yeri &#8211; 14 Eyl\u00fcl 2013<\/a><\/li>\n<li><a href=\"http:\/\/www.uralakbulut.com.tr\/wp-content\/uploads\/2013\/07\/adaylar_universiteleri_yakindan_tanimali.pdf\">Adaylar \u00dcniversiteleri Yak\u0131ndan Tan\u0131mal\u0131<\/a><\/li>\n<li><a href=\"http:\/\/www.uralakbulut.com.tr\/wp-content\/uploads\/2013\/07\/tercih_yaparken_universite_siralamalarindan_nasil_faydalanilir.pdf\">Tercih Yaparken \u00dcniversite S\u0131ralamalar\u0131ndan Nas\u0131l Yararlan\u0131l\u0131r?<\/a><\/li>\n<li><a href=\"http:\/\/www.uralakbulut.com.tr\/wp-content\/uploads\/2013\/07\/universitelerimiz_2012_2013_dunya_siralamalarinda_ust_siralarda_yer_aldi.pdf\">\u00dcniversitelerimiz 2012-2013 D\u00fcnya S\u0131ralamalar\u0131nda \u00dcst S\u0131ralarda Yer Ald\u0131<\/a><\/li>\n<li><a href=\"http:\/\/www.uralakbulut.com.tr\/wp-content\/uploads\/2014\/12\/URAP-B\u0130L\u0130M-VE-TEKNOLOJ\u0130-RAPORU-ARALIK-2012-FORMATLI.pdf\" target=\"_blank\" rel=\"noopener noreferrer\">Urap Bilim Ve Teknoloji Raporu<\/a><\/li>\n<li><a href=\"http:\/\/www.uralakbulut.com.tr\/wp-content\/uploads\/2013\/01\/Turk_Universiteleri_Raporu.pdf\" target=\"_blank\" rel=\"noopener noreferrer\">2012 D\u00fcnya S\u0131ralamalar\u0131nda 153 T\u00fcrk \u00dcniversitesinin Durumu Raporu<\/a><\/li>\n<li><a href=\"http:\/\/www.uralakbulut.com.tr\/wp-content\/uploads\/2009\/11\/SCIMAGO-VE-ARWU-2012-D\u00dcNYA-SIRALAMALARINDA-T\u00dcRK-\u00dcN\u0130VERS\u0130TELER\u0130N\u0130N-DURUM-RAPORU-A\u011eUSTOS-2012.pdf\">Scimago ve Arwu 2012 S\u0131ralamar\u0131nda T\u00fcrk \u00dcniversitelerinin Durum Raporu<\/a><\/li>\n<li><a href=\"http:\/\/www.uralakbulut.com.tr\/wp-content\/uploads\/2009\/11\/\u00dcN\u0130VERS\u0130TE-TERC\u0130H\u0130-EN-\u00d6NEML\u0130-KARARLARDAN-B\u0130R\u0130D\u0130R-TEMMUZ-2012.pdf\">\u00dcniversite Tercihi En \u00d6nemli Kararlardan Biridir<\/a><\/li>\n<li><a href=\"http:\/\/www.uralakbulut.com.tr\/wp-content\/uploads\/2009\/11\/D\u00dcNYA-SIRALAMALARINDA-143-T\u00dcRK-\u00dcN\u0130VERS\u0130TES\u0130N\u0130N-DURUMU-TEMMUZ-2012.pdf\">D\u00fcnya S\u0131ralamalar\u0131nda 143 T\u00fcrk \u00dcniversitesinin Durumu<\/a><\/li>\n<li><a href=\"http:\/\/www.uralakbulut.com.tr\/wp-content\/uploads\/2009\/11\/QS-TARAFINDAN-A\u00c7IKLANAN-29-B\u0130L\u0130M-ALANINDAK\u0130-\u00dcN\u0130VERS\u0130TE-SIRALAMASI-VE-\u00dcN\u0130VERS\u0130TELER\u0130M\u0130Z\u0130N-YER\u0130.pdf\">QS Taraf\u0131ndan A\u00e7\u0131klanan 29 Bilim Alan\u0131ndaki \u00dcniversite S\u0131ralamas\u0131 ve \u00dcniversitelerimizin Yeri<\/a><\/li>\n<li><a href=\"http:\/\/www.uralakbulut.com.tr\/wp-content\/uploads\/2009\/11\/\u00dcN\u0130VERS\u0130TE-SIRALAMALARINDA-T\u00dcRK-\u00dcN\u0130VERS\u0130TELER\u0130N\u0130N-2011-YILI-DURUM-RAPORU.pdf\">\u00dcniversite S\u0131ralamalar\u0131nda T\u00fcrk \u00dcniversitelerinin 2011 Y\u0131l\u0131 Durumu<\/a><\/li>\n<li><a href=\"http:\/\/www.uralakbulut.com.tr\/wp-content\/uploads\/2009\/11\/ekim20101.pdf\">Ekim 2010 S\u0131ralama<\/a><\/li>\n<li><a href=\"http:\/\/www.uralakbulut.com.tr\/wp-content\/uploads\/2009\/11\/\u00dcN\u0130VERS\u0130TE.pdf\">\u00dcniversite = E\u011fitim, Ara\u015ft\u0131rma ve Toplumsal Hizmet<\/a><\/li>\n<li><a href=\"http:\/\/www.uralakbulut.com.tr\/wp-content\/uploads\/2009\/11\/5-OCAK-2010-SIRALAMA.pdf\">5 OCAK 2010 S\u0131ralama ve Tablolar<\/a><\/li>\n<li><a href=\"http:\/\/www.uralakbulut.com.tr\/wp-content\/uploads\/2009\/11\/1.pdf\">T\u00fcrkiye ve D\u00fcnya<\/a><\/li>\n<li><a href=\"http:\/\/www.uralakbulut.com.tr\/wp-content\/uploads\/2009\/11\/2.pdf\">\u00dcniversite S\u0131ralama Sistemlerinden \u00d6rnekler<\/a><\/li>\n<li><a href=\"http:\/\/www.uralakbulut.com.tr\/wp-content\/uploads\/2009\/11\/3.pdf\">\u00dcniversite S\u0131ralama Sistemleri Ele\u015ftiriler ve Yeni Aray\u0131\u015flar<\/a><\/li>\n<li><a href=\"http:\/\/www.uralakbulut.com.tr\/wp-content\/uploads\/2009\/11\/4.pdf\">\u0130lk Be\u015f Y\u00fcz \u00dcniversite<\/a><\/li>\n<li><a href=\"http:\/\/www.uralakbulut.com.tr\/wp-content\/uploads\/2009\/11\/5.pdf\">T\u00fcrk \u00dcniversiteleri Hangi Kriterlere G\u00f6re S\u0131ralanmal\u0131<\/a><\/li>\n<li><a href=\"http:\/\/www.uralakbulut.com.tr\/wp-content\/uploads\/2009\/11\/2009siralama.pdf\">2009 S\u0131ralama Kitap\u00e7\u0131\u011f\u0131<\/a><\/li>\n<li><a href=\"http:\/\/www.uralakbulut.com.tr\/wp-content\/uploads\/2009\/11\/Dunya-Siralamalarinda-Turk-universiteleri.pdf\">D\u00fcnya S\u0131ralamalar\u0131nda T\u00fcrk \u00dcniversiteleri<\/a><\/li>\n<li><a href=\"http:\/\/www.uralakbulut.com.tr\/wp-content\/uploads\/2009\/11\/TU-siralama-tablolar.pdf\">T\u00fcrk \u00dcniversitelerinin S\u0131ralama Tablolar\u0131<\/a><\/li>\n<\/ul>\n<\/td>\n<td valign=\"top\" width=\"500\">\n<p style=\"text-align: center;\"><strong><span style=\"color: #333333; font-family: Georgia, 'Times New Roman', 'Bitstream Charter', Times, serif; font-size: small;\">B\u0130L\u0130M TAR\u0130H\u0130NE YOLCULUK&#8230;<\/span><\/strong><\/p>\n<ul>\n<li><a href=\"http:\/\/www.uralakbulut.com.tr\/wp-content\/uploads\/2019\/09\/KARA-TAHTA-YAZIDAN-5000-YIL-SONRA-\u0130CAT-ED\u0130LD\u0130-2-EYL\u00dcL-2019.pdf\" target=\"_blank\" rel=\"noopener noreferrer\"><img loading=\"lazy\" decoding=\"async\" style=\"vertical-align: middle;\" src=\"http:\/\/www.uralakbulut.com.tr\/wp-content\/uploads\/2014\/01\/yeni.jpg\" alt=\"\" width=\"30\" height=\"28\" \/><\/a><a href=\"http:\/\/uralakbulut.com.tr\/wp-content\/uploads\/2023\/03\/2022-YILININ-EN-ONEMLI-BILIMSEL-VE-TEKNOLOJIK-BULUSLARI-DUZELMIS-KOPYA-URAL-AKBULUT-6-SUBAT-2022.pdf\" target=\"_blank\" rel=\"noopener\">2022 Y\u0131l\u0131n\u0131n En \u00d6nemli Bilimsel Ve Teknolojik Bulu\u015flar\u0131<\/a><\/li>\n<li><a href=\"http:\/\/uralakbulut.com.tr\/wp-content\/uploads\/2022\/01\/2021-YILININ-EN-ONEMLI-BILIMSEL-VE-TEKNOLOJIK-BULUSLARI-2021.pdf\" target=\"_blank\" rel=\"noopener\">2021 Y\u0131l\u0131n\u0131n En \u00d6nemli Bilimsel Ve Teknolojik Bulu\u015flar\u0131<\/a><\/li>\n<li><a href=\"http:\/\/www.uralakbulut.com.tr\/wp-content\/uploads\/2020\/06\/\u00c7OCUK-EVL\u0130L\u0130KLER\u0130-B\u0130NLERCE-YILDIR-S\u00dcREN-B\u0130R-SORUN-24-MAYIS-2020-1.pdf\" target=\"_blank\" rel=\"noopener noreferrer\">\u00c7ocuk Evlilikleri: Binlerce Y\u0131ld\u0131r S\u00fcren Bir Sorun<\/a><\/li>\n<li><a href=\"http:\/\/www.uralakbulut.com.tr\/wp-content\/uploads\/2020\/05\/A\u015eI-KAR\u015eITILI\u011eI-248-YIL-\u00d6NCE-B\u0130R-\u0130NG\u0130L\u0130Z-RAH\u0130P-BA\u015eLATTI-.pdf\" target=\"_blank\" rel=\"noopener noreferrer\">A\u015f\u0131 Kar\u015f\u0131tl\u0131\u011f\u0131: 248 Y\u0131l \u00d6nce Bir \u0130ngiliz Rahip Ba\u015flatt\u0131<\/a><\/li>\n<li><a href=\"http:\/\/www.uralakbulut.com.tr\/wp-content\/uploads\/2020\/04\/SALGIN-HASTALIK-H\u0130T\u0130T-KRALININ-3300-YILLIK-DUALARI-9-N\u0130SAN-2020.pdf\" target=\"_blank\" rel=\"noopener noreferrer\">Salg\u0131n Hastal\u0131k: Hitit Kral\u0131n\u0131n 3300 Y\u0131ll\u0131k Dualar\u0131<\/a><\/li>\n<li><a href=\"http:\/\/www.uralakbulut.com.tr\/wp-content\/uploads\/2020\/03\/HEYKELTIRA\u015eLIK-D\u00dcNYANIN-EN-ESK\u0130-SANATLARINDAN-B\u0130R\u0130-2-MART-2020.pdf\" target=\"_blank\" rel=\"noopener noreferrer\">Heykelt\u0131ra\u015fl\u0131k: D\u00fcnyan\u0131n En Eski Sanatlar\u0131ndan Biri<\/a><\/li>\n<li><a href=\"http:\/\/www.uralakbulut.com.tr\/wp-content\/uploads\/2020\/03\/VAR\u0130S-3500-YILDAN-BER\u0130-B\u0130L\u0130N\u0130YOR-1-MART-2020.pdf\" target=\"_blank\" rel=\"noopener noreferrer\">Varis: 3500 Y\u0131ldan Beri Biliniyor<\/a><\/li>\n<li><a href=\"http:\/\/www.uralakbulut.com.tr\/wp-content\/uploads\/2020\/02\/LAURA-BASSI-AVRUPA-NIN-\u0130LK-KADIN-PROFES\u00d6R\u00dc-19-\u015eUBAT-2020.pdf\" target=\"_blank\" rel=\"noopener noreferrer\">Laura Bass\u0131: Avrupa\u2019n\u0131n \u0130lk Kad\u0131n Profes\u00f6r\u00fc<\/a><\/li>\n<li><a href=\"http:\/\/www.uralakbulut.com.tr\/wp-content\/uploads\/2020\/02\/B12-V\u0130TAM\u0130N\u0130-SENTEZ\u0130-EN-ZOR-MOLEK\u00dcL-R-B-WOODWARD-11-\u015eUBAT-2020.pdf\" target=\"_blank\" rel=\"noopener noreferrer\">B12 Vitamini=Sentezi En Zor Molek\u00fcl=R. B. Woodward<\/a><\/li>\n<li><a href=\"http:\/\/www.uralakbulut.com.tr\/wp-content\/uploads\/2020\/02\/GUATR-\u0130LK-TEDAV\u0130-Y\u00d6NTEM\u0130-4700-YIL-\u00d6NCE-\u00c7\u0130N-DE-BULUNDU-4-\u015eUBAT-2020.pdf\" target=\"_blank\" rel=\"noopener noreferrer\">Guatr: \u0130lk Tedavi Y\u00f6ntemi 4700 Y\u0131l \u00d6nce \u00c7in De Bulundu<\/a><\/li>\n<li><a href=\"http:\/\/www.uralakbulut.com.tr\/wp-content\/uploads\/2020\/01\/DOROTHY-HODGKIN-B12-V\u0130TAM\u0130N\u0130-VE-\u0130NS\u00dcL\u0130N-\u0130N-YAPISINI-BULDU-26-OCAK-2020.pdf\" target=\"_blank\" rel=\"noopener noreferrer\">Dorothy Hodgk\u0131n: B12 Vitamini Ve \u0130ns\u00fclinin Yap\u0131s\u0131n\u0131 Buldu<\/a><\/li>\n<li><a href=\"http:\/\/www.uralakbulut.com.tr\/wp-content\/uploads\/2020\/01\/ATE\u015e-\u0130NSANIN-\u0130LK-TEKNOLOJ\u0130K-KE\u015eF\u0130-14-OCAK-2020.pdf\" target=\"_blank\" rel=\"noopener noreferrer\">Ate\u015f: \u0130nsan\u0131n \u0130lk Teknolojik Ke\u015ffi<\/a><\/li>\n<li><a href=\"http:\/\/www.uralakbulut.com.tr\/wp-content\/uploads\/2019\/12\/2019-YILININ-EN-\u00d6NEML\u0130-B\u0130L\u0130MSEL-VE-TEKNOLOJ\u0130K-BULU\u015eLARI-26-KASIM-2019.pdf\" target=\"_blank\" rel=\"noopener noreferrer\">2019 Y\u0131l\u0131n\u0131n En \u00d6nemli Bilimsel Ve Teknolojik Bulu\u015flar\u0131<\/a><\/li>\n<li><a href=\"http:\/\/www.uralakbulut.com.tr\/wp-content\/uploads\/2019\/12\/AEROJEL-BAS\u0130T-SADE-TEKNOLOJ\u0130K-DEVR\u0130M-YAPMAYA-ADAY.pdf\" target=\"_blank\" rel=\"noopener noreferrer\">Aerojel: Basit, Sade, Teknolojik Devrim Yapmaya Aday<\/a><\/li>\n<li><a href=\"http:\/\/www.uralakbulut.com.tr\/wp-content\/uploads\/2019\/12\/AR\u0130STO-ESERLER\u0130N\u0130-AVRUPA-YA-ABBAS\u0130-VE-EMEV\u0130LER-TANITTI-11-ARALIK-2019.pdf\" target=\"_blank\" rel=\"noopener noreferrer\">Aristo: Eserlerini Avrupa\u2019ya Abbasi Ve Emeviler Tan\u0131tt\u0131<\/a><\/li>\n<li><a href=\"http:\/\/www.uralakbulut.com.tr\/wp-content\/uploads\/2019\/11\/EL-RAZ\u0130-\u0130LK-KIZAMIK-VE-\u00c7\u0130\u00c7EK-HASTALIKLARI-UZMANI-25-KASIM-2019.pdf\" target=\"_blank\" rel=\"noopener noreferrer\">El Razi: \u0130lk K\u0131zam\u0131k Ve \u00c7i\u00e7ek Hastal\u0131klar\u0131 Uzman\u0131<\/a><\/li>\n<li><a href=\"http:\/\/www.uralakbulut.com.tr\/wp-content\/uploads\/2019\/11\/UZAY-ROKET\u0130-KONULU-TEZ-HAYAL-D\u0130YE-RET-ED\u0130LM\u0130\u015eT\u0130-9-KASIM-2019.pdf\" target=\"_blank\" rel=\"noopener noreferrer\">Uzay Roketi Konulu Tez: Hayal Diye Reddedilmi\u015fti<\/a><\/li>\n<li><a href=\"http:\/\/www.uralakbulut.com.tr\/wp-content\/uploads\/2019\/11\/KENEV\u0130R-B\u0130NLERCE-YILLIK-DO\u011eAL-L\u0130F-KAYNA\u011eI-4-KASIM-2019.pdf\" target=\"_blank\" rel=\"noopener noreferrer\">Kenevir: Binlerce Y\u0131ll\u0131k Do\u011fal Lif Kayna\u011f\u0131<\/a><\/li>\n<li><a href=\"http:\/\/www.uralakbulut.com.tr\/wp-content\/uploads\/2019\/10\/TORP\u0130DO-\u0130LK-KEZ-\u0130STANBUL-DA-DEN\u0130Z-ALTIDAN-ATILDI-16-EYL\u00dcL-2019.pdf\" target=\"_blank\" rel=\"noopener noreferrer\">Torpido: \u0130lk Kez \u0130stanbul\u2019da Deniz Alt\u0131dan At\u0131ld\u0131<\/a><\/li>\n<li><a href=\"http:\/\/www.uralakbulut.com.tr\/wp-content\/uploads\/2019\/10\/L\u0130TYUM-\u0130YON-P\u0130L\u0130-97-YA\u015eINDAK\u0130-PROFES\u00d6RE-NOBEL-GET\u0130RD\u0130-23-EK\u0130M-2019.pdf\" target=\"_blank\" rel=\"noopener noreferrer\">Lityum \u0130yon Pili: 97 Ya\u015f\u0131ndaki Profes\u00f6re Nobel Getirdi<\/a><\/li>\n<li><a href=\"http:\/\/www.uralakbulut.com.tr\/wp-content\/uploads\/2019\/09\/KARA-TAHTA-YAZIDAN-5000-YIL-SONRA-\u0130CAT-ED\u0130LD\u0130-2-EYL\u00dcL-2019.pdf\" target=\"_blank\" rel=\"noopener noreferrer\">Kara Tahta: Yaz\u0131dan 5000 Y\u0131l Sonra \u0130cat Edildi\u00a0<\/a><\/li>\n<li><a href=\"http:\/\/www.uralakbulut.com.tr\/wp-content\/uploads\/2019\/09\/HAN-VE-KERVANSARAY-S\u00dcMERLERE-UZANIR-27-A\u011eUSTOS-2019-1.pdf\" target=\"_blank\" rel=\"noopener noreferrer\">Han Ve Kervansaray: S\u00fcmerlere Uzan\u0131r<\/a><\/li>\n<li><a href=\"http:\/\/www.uralakbulut.com.tr\/wp-content\/uploads\/2019\/08\/DALGI\u00c7-300-YIL-\u00d6NCE-BA\u015eINDAK\u0130-KAZANLA-SUYA-DALARDI-14-A\u011eUSTOS-2019.pdf\" target=\"_blank\" rel=\"noopener noreferrer\">Dalg\u0131\u00e7: 300 Y\u0131l \u00d6nce Ba\u015f\u0131ndaki Kazanla Suya Dalard\u0131<\/a><\/li>\n<li><a href=\"http:\/\/www.uralakbulut.com.tr\/wp-content\/uploads\/2019\/08\/HASTANE-\u0130LK-MODERN-\u00d6RNEKLER\u0130N\u0130-ABBAS\u0130LER-KURDU-30-TEMMUZ-2019.pdf\" target=\"_blank\" rel=\"noopener noreferrer\">Hastane: ilk modern \u00f6rneklerini abbasiler kurdu<\/a><\/li>\n<li><a href=\"http:\/\/www.uralakbulut.com.tr\/wp-content\/uploads\/2019\/07\/KUZEY-VE-G\u00dcNEY-KUTUP-I\u015eIKLARI-AURORA-NASIL-OLU\u015eUR-14-TEMMUZ-2019.pdf\" target=\"_blank\" rel=\"noopener noreferrer\">Kuzey Ve G\u00fcney Kutup I\u015f\u0131klar\u0131=Aurora Nas\u0131l Olu\u015fur?<\/a><\/li>\n<li><a href=\"http:\/\/www.uralakbulut.com.tr\/wp-content\/uploads\/2019\/07\/PUSULA-O-OLMADAN-DEN\u0130ZC\u0130LER-Y\u00d6NLER\u0130N\u0130-NASIL-BULURDU-14-HAZ\u0130RAN-2019.pdf\" target=\"_blank\" rel=\"noopener noreferrer\">Pusula: O Olmadan Denizciler Y\u00f6nlerini Nas\u0131l Bulurdu?<\/a><\/li>\n<li><a href=\"http:\/\/www.uralakbulut.com.tr\/wp-content\/uploads\/2019\/06\/KA\u011eIT-AVRUPA-YA-\u00c7\u0130N-DE\u011e\u0130L-END\u00dcL\u00dcS-EMEV\u0130LER\u0130-ULA\u015eTIRDI.pdf\" target=\"_blank\" rel=\"noopener noreferrer\">Ka\u011f\u0131t: Avrupa\u2019ya \u00c7in De\u011fil End\u00fcl\u00fcs Emevileri Ula\u015ft\u0131rd\u0131<\/a><\/li>\n<li><a href=\"http:\/\/www.uralakbulut.com.tr\/wp-content\/uploads\/2019\/05\/DOKUNMAT\u0130K-EKRAN-TEMEL\u0130-1965-YILINA-UZANIR-23-MAYIS-2019.pdf\" target=\"_blank\" rel=\"noopener noreferrer\">Dokunmatik Ekran: Temeli 1965 Y\u0131l\u0131na Uzan\u0131r<\/a><\/li>\n<li><a href=\"http:\/\/www.uralakbulut.com.tr\/wp-content\/uploads\/2019\/05\/BOROFEN-TEKNOLOJ\u0130N\u0130N-YEN\u0130-NANOMALZEMES\u0130-6-MAYIS-2019.pdf\" target=\"_blank\" rel=\"noopener noreferrer\">Borofen: Teknolojinin Yeni Nanomalzemesi\u00a0<\/a><\/li>\n<li><a href=\"http:\/\/www.uralakbulut.com.tr\/wp-content\/uploads\/2019\/05\/KIZIL\u00d6TES\u0130-KAMERA-KARANLIKTA-NASIL-\u00c7ALI\u015eIYOR-25-N\u0130SAN-2019_revize.pdf\" target=\"_blank\" rel=\"noopener noreferrer\">K\u0131z\u0131l\u00f6tesi Kamera: Karanl\u0131kta Nas\u0131l \u00c7al\u0131\u015f\u0131yor?<\/a><\/li>\n<li><a href=\"http:\/\/www.uralakbulut.com.tr\/wp-content\/uploads\/2019\/04\/D\u0130J\u0130TAL-KAMERA-TEMEL\u0130-1969-DA-ATILDI-12-N\u0130SAN-2019.pdf\" target=\"_blank\" rel=\"noopener noreferrer\">Dijital Kamera: Temeli 1969\u2019da At\u0131ld\u0131<\/a><\/li>\n<li><a href=\"http:\/\/www.uralakbulut.com.tr\/wp-content\/uploads\/2019\/04\/PLAST\u0130K-KAPLI-ELEKTR\u0130KL\u0130-D\u0130\u015e-FIR\u00c7ASI-NASIL-\u015eARJ-OLUYOR-7-N\u0130SAN-2019.pdf\" target=\"_blank\" rel=\"noopener noreferrer\">Plastik Kapl\u0131 Elektrikli Di\u015f F\u0131r\u00e7as\u0131: Nas\u0131l \u015earj Oluyor?<\/a><\/li>\n<li><a href=\"http:\/\/www.uralakbulut.com.tr\/wp-content\/uploads\/2019\/04\/SODA-S\u00dcMERLER-\u0130N-\u00c7OK-DE\u011eER-VERD\u0130\u011e\u0130-B\u0130R-K\u0130MYASALDI-2-N\u0130SAN-2019.pdf\" target=\"_blank\" rel=\"noopener noreferrer\">Soda: S\u00fcmerlerin \u00c7ok De\u011fer Verdi\u011fi Bir Kimyasald\u0131<\/a><\/li>\n<li><a href=\"http:\/\/www.uralakbulut.com.tr\/wp-content\/uploads\/2019\/03\/\u015eAP-AVRUPA-200-YIL-BOYUNCA-OSMANLI-DAN-\u0130THAL-ETT\u0130-25-MART-2019.pdf\" target=\"_blank\" rel=\"noopener noreferrer\">\u015eap: Avrupa 200 Y\u0131l Boyunca Osmanl\u0131\u2019dan \u0130thal Etti<\/a><\/li>\n<li><a href=\"http:\/\/www.uralakbulut.com.tr\/wp-content\/uploads\/2019\/03\/AY-A-\u0130NEN-\u0130LK-ASTRONOTLAR-YOLCULUKTA-TUTULAN-NOTLAR-17-MART-2019.pdf\" target=\"_blank\" rel=\"noopener noreferrer\">Ay\u2019a \u0130nen \u0130lk Astronotlar: Yolculukta Tutulan Notlar<\/a><\/li>\n<li><a href=\"http:\/\/www.uralakbulut.com.tr\/wp-content\/uploads\/2019\/03\/SURVEYOR-3-1967-DE-AY-A-\u0130ND\u0130R\u0130LD\u0130-1969-DA-ORADA-BULUNDU-4-MART-2019.pdf\" target=\"_blank\" rel=\"noopener noreferrer\">Surveyor-3: 1967\u2019de Ay\u2019a \u0130ndirildi, 1969\u2019da Orada Bulundu<\/a><\/li>\n<li><a href=\"http:\/\/www.uralakbulut.com.tr\/wp-content\/uploads\/2019\/02\/AY-A-G\u0130TME-HAYAL\u0130-SO\u011eUK-SAVA\u015eI-HIZLANDIRDI-23-\u015eUBAT-2019.pdf\" target=\"_blank\" rel=\"noopener noreferrer\">Ay\u2019a Gitme Hayali:\u00a0 So\u011fuk Sava\u015f\u0131 H\u0131zland\u0131rd\u0131<\/a><\/li>\n<li><a href=\"http:\/\/www.uralakbulut.com.tr\/wp-content\/uploads\/2019\/02\/EKMEK-30-B\u0130N-YIL-\u00d6NCEYE-UZANIR-18-\u015eUBAT-2019.pdf\" target=\"_blank\" rel=\"noopener noreferrer\">Ekmek: 30 Bin Y\u0131l \u00d6nceye Uzan\u0131r\u00a0<\/a><\/li>\n<li><a href=\"http:\/\/www.uralakbulut.com.tr\/wp-content\/uploads\/2019\/02\/\u0130LK-U\u00c7AKLAR-AH\u015eAP-VE-KUMA\u015eTAN-YAPILIRDI-11-\u015eUBAT-2019.pdf\" target=\"_blank\" rel=\"noopener noreferrer\">\u0130lk U\u00e7aklar: Ah\u015fap Ve Kuma\u015ftan Yap\u0131l\u0131rd\u0131 11 \u015eubat 2019<\/a><\/li>\n<li><a href=\"http:\/\/www.uralakbulut.com.tr\/wp-content\/uploads\/2019\/02\/\u015eEH\u0130T-P\u0130LOT-Y\u00dcZBA\u015eI-FETH\u0130-BEY-ADI-FETH\u0130YE-YE-VER\u0130LD\u0130-3-\u015eUBAT-2019.pdf\" target=\"_blank\" rel=\"noopener noreferrer\">\u015eehit Pilot Y\u00fczba\u015f\u0131 Fethi Bey: Ad\u0131 Fethiye\u2019ye Verildi<\/a><\/li>\n<li><a href=\"http:\/\/www.uralakbulut.com.tr\/wp-content\/uploads\/2019\/01\/\u0130LK-HAVA-YOLU-\u015e\u0130RKET\u0130-1914-TE-FLORIDA-DA-KURULDU-26-OCAK-2019.pdf\" target=\"_blank\" rel=\"noopener noreferrer\">\u0130lk Havayolu \u015eirketi: 1914\u2019te Flor\u0131da\u2019da Kuruldu<\/a><\/li>\n<li><a href=\"http:\/\/www.uralakbulut.com.tr\/wp-content\/uploads\/2019\/01\/S\u00dcMER-KAT\u0130P-OKULLARI-T\u00dcM-D\u00dcNYA-ONLARI-\u00d6RNEK-ALDI-15-OCAK-2019.pdf\" target=\"_blank\" rel=\"noopener noreferrer\">S\u00fcmer Katip Okullar\u0131: T\u00fcm D\u00fcnya Onlar\u0131 \u00d6rnek Ald\u0131<\/a><\/li>\n<li><a href=\"http:\/\/www.uralakbulut.com.tr\/wp-content\/uploads\/2018\/12\/2018-YILININ-EN-\u00d6NEML\u0130-B\u0130L\u0130MSEL-VE-TEKNOLOJ\u0130K-BULU\u015eLARI-26-ARALIK-2018.pdf\" target=\"_blank\" rel=\"noopener noreferrer\">2018 Y\u0131l\u0131n\u0131n En \u00d6nemli Bilimsel Ve Teknolojik Bulu\u015flar\u0131\u00a0<\/a><\/li>\n<li><a href=\"http:\/\/www.uralakbulut.com.tr\/wp-content\/uploads\/2018\/12\/H\u0130DROJEN-VE-ATOM-BOMBASI-MARK-OLIPHANT-YOL-G\u00d6STERD\u0130-18-ARALIK-2018.pdf\" target=\"_blank\" rel=\"noopener noreferrer\">Hidrojen Ve Atom Bombas\u0131: Mark Ol\u0131phant Yol G\u00f6sterdi\u00a0<\/a><\/li>\n<li><a href=\"http:\/\/www.uralakbulut.com.tr\/wp-content\/uploads\/2018\/12\/PAK\u0130STAN-ATOM-BOMBALARI-NASIL-YAPILDI-10-ARALIK-2018.pdf\" target=\"_blank\" rel=\"noopener noreferrer\">Pakistan Atom Bombalar\u0131: Nas\u0131l Yap\u0131ld\u0131?\u00a0<\/a><\/li>\n<li><a href=\"http:\/\/www.uralakbulut.com.tr\/wp-content\/uploads\/2018\/12\/V\u0130DEO-VE-B\u0130LG\u0130SAYAR-OYUNLARI-1950-LERDE-ORTAYA-\u00c7IKTI-30-KASIM-2018.pdf\" target=\"_blank\" rel=\"noopener noreferrer\">Video Ve Bilgisayar Oyunlar\u0131: 1950\u2019lerde Ortaya \u00c7\u0131kt\u0131\u00a0<\/a><\/li>\n<li><a title=\"Profile\" href=\"http:\/\/www.uralakbulut.com.tr\/wp-content\/uploads\/2018\/11\/BATTAN\u0130-COPERNICUS-A-ASTRONOM\u0130-\u00d6NDERL\u0130\u011e\u0130-YAPTI-12-KASIM-2018.pdf\" target=\"_blank\" rel=\"noopener noreferrer\">Battani: Copern\u0131cus\u2019a Astronomi \u00d6nderli\u011fi Yapt\u0131<\/a><\/li>\n<li><a href=\"http:\/\/www.uralakbulut.com.tr\/wp-content\/uploads\/2018\/11\/UZAY-TUR\u0130STLER\u0130-\u00dcCRET-\u00d6DEYEREK-UZAYA-\u00c7IKANLAR-6-KASIM-2018.pdf\" target=\"_blank\" rel=\"noopener noreferrer\">Uzay Turistleri: \u00dccret \u00d6deyerek Uzaya \u00c7\u0131kanlar<\/a><\/li>\n<li><a href=\"http:\/\/www.uralakbulut.com.tr\/wp-content\/uploads\/2018\/10\/\u0130NS\u00dcL\u0130N-TESAD\u00dcFEN-KE\u015e\u0130FTEN-\u00dc\u00c7-NOBEL-\u00d6D\u00dcL\u00dcNE-30-EK\u0130M-2018.pdf\" target=\"_blank\" rel=\"noopener noreferrer\">\u0130ns\u00fclin: Tesad\u00fcfen Ke\u015fiften \u00dc\u00e7 Nobel \u00d6d\u00fcl\u00fcne<\/a><\/li>\n<li><a href=\"http:\/\/www.uralakbulut.com.tr\/wp-content\/uploads\/2018\/10\/PAUL-ALLEN-M\u0130KROSOFT-UN-PERDE-ARKASINDAK\u0130-KURUCUSU-23-EK\u0130M-2018.pdf\" target=\"_blank\" rel=\"noopener noreferrer\">Paul Allen: Mikrosoft\u2019un Perde Arkas\u0131ndaki Kurucusu<\/a><\/li>\n<li><a href=\"http:\/\/www.uralakbulut.com.tr\/wp-content\/uploads\/2018\/10\/NOBEL-\u00d6D\u00dcL\u00dc-TEMEL-B\u0130L\u0130MLERDE-\u00d6D\u00dcL-ALAN-KADIN-\u00c7OK-AZ-8-EK\u0130M-2018.pdf\" target=\"_blank\" rel=\"noopener noreferrer\">Nobel \u00d6d\u00fcl\u00fc: Temel Bilimlerde \u00d6d\u00fcl Alan Kad\u0131n \u00c7ok Az<\/a><\/li>\n<li><a href=\"http:\/\/www.uralakbulut.com.tr\/wp-content\/uploads\/2018\/10\/EL-B\u0130RUN\u0130-UNESCO-ONU-EVRENSEL-DAH\u0130-\u0130LAN-ETT\u0130-2-EK\u0130M-2018.pdf\" target=\"_blank\" rel=\"noopener noreferrer\">El Biruni: Unesco Onu Evrensel Dahi \u0130lan Etti<\/a><\/li>\n<li><a href=\"http:\/\/www.uralakbulut.com.tr\/wp-content\/uploads\/2018\/09\/PLAZMA-MOTORLU-ROKET-MARS-A-39-G\u00dcNDE-G\u0130DEB\u0130LECEK-20-EYL\u00dcL-2018.pdf\" target=\"_blank\" rel=\"noopener noreferrer\">Plazma Motorlu Roket: Mars\u2019a 39 G\u00fcnde Gidebilecek<\/a><\/li>\n<li><a href=\"http:\/\/www.uralakbulut.com.tr\/wp-content\/uploads\/2018\/09\/H\u0130ND\u0130STAN-N\u00dcKLEER-REAKT\u00d6RDEN-ATOM-BOMBASINA-1-EYL\u00dcL-2018.pdf\" target=\"_blank\" rel=\"noopener noreferrer\">Hindistan: N\u00fckleer Reakt\u00f6rden Atom Bombas\u0131na<\/a><\/li>\n<li><a href=\"http:\/\/www.uralakbulut.com.tr\/wp-content\/uploads\/2018\/08\/ASTROK\u0130MYACI-UZAYDAK\u0130-K\u0130MYASALLARI-NASIL-ANAL\u0130Z-EDER-8-A\u011eUSTOS-2018.pdf\" target=\"_blank\" rel=\"noopener noreferrer\">Astrokimyac\u0131 Uzaydaki Kimyasallar\u0131 Nas\u0131l Analiz Eder?\u00a0<\/a><\/li>\n<li><a href=\"http:\/\/www.uralakbulut.com.tr\/wp-content\/uploads\/2018\/08\/LINUS-PAULING-KUANTUM-K\u0130MYASI-VE-MOLEK\u00dcLER-B\u0130YOLOJ\u0130-29-TEMMUZ-2018.pdf\" target=\"_blank\" rel=\"noopener noreferrer\">L\u0131nus Paul\u0131ng=Kuantum Kimyas\u0131 Ve Molek\u00fcler Biyoloji<\/a><\/li>\n<li><a href=\"http:\/\/www.uralakbulut.com.tr\/wp-content\/uploads\/2018\/07\/CERRAH\u0130N\u0130N-ATASI-EL-ZEHRAV\u0130-K\u0130TABI-500-YIL-KULLANILDI-25-TEMMUZ-2018.pdf\" target=\"_blank\" rel=\"noopener noreferrer\">Cerrahinin Atas\u0131 El Zehravi: Kitab\u0131 500 Y\u0131l Kullan\u0131ld\u0131<\/a><\/li>\n<li><a href=\"http:\/\/www.uralakbulut.com.tr\/wp-content\/uploads\/2018\/07\/MUMYA-ORTA-\u00c7A\u011eDA-AVRUPALILAR-\u00d6\u011e\u00dcT\u00dcP-\u0130LA\u00c7-D\u0130YE-\u0130\u00c7ERD\u0130-21-HAZ\u0130RAN-2018.pdf\" target=\"_blank\" rel=\"noopener noreferrer\">Mumya: Orta \u00c7a\u011f\u2019da Avrupal\u0131lar \u00d6\u011f\u00fct\u00fcp \u0130la\u00e7 Diye \u0130\u00e7erdi<\/a><a href=\"http:\/\/www.uralakbulut.com.tr\/wp-content\/uploads\/2015\/02\/EBOLA-SALGINI-AFR\u0130KA-DA-2013-TE-TEKRAR-ORTAYA-\u00c7IKTI-14-\u015eUBAT-2015.pdf\" target=\"_blank\" rel=\"noopener noreferrer\"><b><br \/>\n<\/b><\/a><\/li>\n<li><a href=\"http:\/\/www.uralakbulut.com.tr\/wp-content\/uploads\/2018\/06\/BEBEK-BEZ\u0130-\u0130NG\u0130L\u0130ZLER-T\u00dcRK-HAVLUSUNDAN-YAPARDI-5-HAZ\u0130RAN-2018.pdf\" target=\"_blank\" rel=\"noopener noreferrer\">Bebek Bezi: \u0130ngilizler T\u00fcrk Havlusundan Yapard\u0131<\/a><\/li>\n<li><a href=\"http:\/\/www.uralakbulut.com.tr\/wp-content\/uploads\/2018\/05\/DO\u011eUM-KONTROL-HAPI-TATLI-PATATES-SAYES\u0130NDE-UCUZLADI-22-MAYIS-2018.pdf\" target=\"_blank\" rel=\"noopener noreferrer\">Do\u011fum Kontrol Hap\u0131: Tatl\u0131 Patates Sayesinde Ucuzlad\u0131<\/a><\/li>\n<li><a href=\"http:\/\/www.uralakbulut.com.tr\/wp-content\/uploads\/2018\/05\/MADAM-CURIE-N\u0130N-KIZI-IRENE-\u0130LE-DAMADI-DA-NOBEL-ALDI-14-MAYIS-2018.pdf\" target=\"_blank\" rel=\"noopener noreferrer\">Madam Cur\u0131e\u2019nin K\u0131z\u0131 Irene \u0130le Damad\u0131 Da Nobel Ald\u0131<\/a><\/li>\n<li><a href=\"http:\/\/www.uralakbulut.com.tr\/wp-content\/uploads\/2018\/05\/B\u0130K\u0130N\u0130-ADASI-ATOM-VE-H\u0130DROJEN-BOMBALARI-TEST-ED\u0130LD\u0130-22-N\u0130SAN-2018.pdf\" target=\"_blank\" rel=\"noopener noreferrer\">Bikini Adas\u0131: Atom Ve Hidrojen Bombalar\u0131 Test Edildi\u00a0<\/a><\/li>\n<li><a href=\"http:\/\/www.uralakbulut.com.tr\/wp-content\/uploads\/2018\/04\/RADYUMLU-BOYA-KULLANDIRILAN-KIZLARIN-DRAMI-15-N\u0130SAN-2018.pdf\" target=\"_blank\" rel=\"noopener noreferrer\">Radyumlu Boya Kulland\u0131r\u0131lan K\u0131zlar\u0131n Dram\u0131<\/a><\/li>\n<li><a href=\"http:\/\/www.uralakbulut.com.tr\/wp-content\/uploads\/2018\/04\/T\u0130FO-2000-YILINDA-D\u00dcNYADA-21-7-M\u0130LYON-T\u0130FO-HASTASI-VARDI-31-MART-2018.pdf\" target=\"_blank\" rel=\"noopener noreferrer\">Tifo: 2000 Y\u0131l\u0131nda D\u00fcnyada 21,7 Milyon Tifo Hastas\u0131 Vard\u0131<\/a><\/li>\n<li><a href=\"http:\/\/www.uralakbulut.com.tr\/wp-content\/uploads\/2018\/04\/LONDRA-B\u0130L\u0130M-M\u00dcZES\u0130-YILDA-3-3-M\u0130LYON-Z\u0130YARETC\u0130S\u0130-VAR-7-MART-2018.pdf\" target=\"_blank\" rel=\"noopener noreferrer\">Londra Bilim M\u00fczesi: Y\u0131lda 3,3 Milyon Ziyaret\u00e7isi Var\u00a0\u00a0<\/a><\/li>\n<li><a href=\"http:\/\/www.uralakbulut.com.tr\/wp-content\/uploads\/2018\/04\/GAZETE-\u0130LK-\u00d6RNE\u011e\u0130N\u0130-M-\u00d6-131-DE-ROMALILAR-\u00c7IKARDI-26-MART-2018.pdf\" target=\"_blank\" rel=\"noopener noreferrer\">Gazete: \u0130lk \u00d6rne\u011fini M.\u00d6. 131\u2019de Romal\u0131lar \u00c7\u0131kard\u0131<\/a><\/li>\n<li><a href=\"http:\/\/www.uralakbulut.com.tr\/wp-content\/uploads\/2018\/04\/ERNEST-LAWRENCE-PAR\u00c7ACIK-\u00c7ARPI\u015eTIRICISININ-ATASI-21-MART-2018.pdf\" target=\"_blank\" rel=\"noopener noreferrer\">Ernest Lawrence: Par\u00e7ac\u0131k \u00c7arp\u0131\u015ft\u0131r\u0131c\u0131s\u0131n\u0131n Atas\u0131<\/a><\/li>\n<li><a href=\"http:\/\/www.uralakbulut.com.tr\/wp-content\/uploads\/2018\/03\/STEPHEN-HAWKING-YA\u015eAYAN-EN-TANINMI\u015e-F\u0130Z\u0130K\u00c7\u0130YD\u0130-14-MART-2018.pdf\" target=\"_blank\" rel=\"noopener noreferrer\">Stephen Hawk\u0131ng Ya\u015fayan En Tan\u0131nm\u0131\u015f Fizik\u00e7iydi<\/a><\/li>\n<li><a href=\"http:\/\/www.uralakbulut.com.tr\/wp-content\/uploads\/2018\/04\/\u0130LK-ATOM-BOMBASI-URANYUM-235-\u0130-KIZLAR-\u00dcRETM\u0130\u015eT\u0130-11-MART-2018.pdf\" target=\"_blank\" rel=\"noopener noreferrer\">\u0130lk Atom Bombas\u0131: Uranyum 235\u2019i K\u0131zlar \u00dcretmi\u015fti<\/a><\/li>\n<li><a href=\"http:\/\/www.uralakbulut.com.tr\/wp-content\/uploads\/2018\/03\/KARA-KUTU-D\u00dc\u015eEN-U\u00c7AK-SAYISINI-AZALTIYOR-6-MART-2018.pdf\" target=\"_blank\" rel=\"noopener noreferrer\">Kara Kutu: D\u00fc\u015fen U\u00e7ak Say\u0131s\u0131n\u0131 Azalt\u0131yor\u00a0\u00a0<\/a><\/li>\n<li><a href=\"http:\/\/www.uralakbulut.com.tr\/wp-content\/uploads\/2018\/02\/M\u0130\u011eFER-KUR\u015eUNGE\u00c7\u0130RMEZ-M\u0130-24-\u015eUBAT-2016.pdf\" target=\"_blank\" rel=\"noopener noreferrer\">Mi\u011ffer: Kur\u015funge\u00e7irmez Mi?<\/a><\/li>\n<li><a href=\"http:\/\/www.uralakbulut.com.tr\/wp-content\/uploads\/2018\/02\/ALTIN-SAFLA\u015eTIRMA-TEKN\u0130\u011e\u0130-S\u00dcMERLERE-UZANIR-8-\u015eUBAT-2018.pdf\" target=\"_blank\" rel=\"noopener noreferrer\">Alt\u0131n Safla\u015ft\u0131rma Tekni\u011fi: S\u00fcmerler\u2019e Uzan\u0131r<\/a><\/li>\n<li><a href=\"http:\/\/www.uralakbulut.com.tr\/wp-content\/uploads\/2018\/01\/MARS-TA-OKS\u0130JEN-KARBOND\u0130OKS\u0130TTEN-ELDE-ED\u0130LECEK-20-OCAK-2018.pdf\" target=\"_blank\" rel=\"noopener noreferrer\">Mars\u2019ta Oksijen: Karbondioksitten Elde Edilecek\u00a0<\/a><\/li>\n<li><a href=\"http:\/\/www.uralakbulut.com.tr\/wp-content\/uploads\/2018\/01\/DO\u011eAL-GAZ-2500-YIL-\u00d6NCE-\u00c7\u0130NL\u0130LER-KE\u015eFETT\u0130-14-OCAK-2018.pdf\" target=\"_blank\" rel=\"noopener noreferrer\">Do\u011fal Gaz: 2500 Y\u0131l \u00d6nce \u00c7inliler Ke\u015ffetti\u00a0<\/a><\/li>\n<li><a href=\"http:\/\/www.uralakbulut.com.tr\/wp-content\/uploads\/2018\/01\/S\u0130SMOGRAF-DEPREM-KAYDED\u0130C\u0130-1900-YILLIK-\u00c7\u0130N-\u0130CADI-3-OCAK-2017.pdf\" target=\"_blank\" rel=\"noopener noreferrer\">Sismograf Deprem Kaydedici: 1900 Y\u0131ll\u0131k \u00c7in \u0130cad\u0131\u00a0<\/a><\/li>\n<li><a href=\"http:\/\/www.uralakbulut.com.tr\/wp-content\/uploads\/2017\/12\/UZAY-\u0130STASYONUNA-KULLANILMI\u015e-ROKETLE-KARGO-TA\u015eINDI-25-ARALIK-2017.pdf\" target=\"_blank\" rel=\"noopener noreferrer\">Uzay \u0130stasyonu\u2019na Kullan\u0131lm\u0131\u015f Roketle Kargo Ta\u015f\u0131nd\u0131\u00a0<\/a><\/li>\n<li><a href=\"http:\/\/www.uralakbulut.com.tr\/wp-content\/uploads\/2017\/12\/2017-YILININ-EN-\u00d6NEML\u0130-B\u0130L\u0130MSEL-VE-TEKNOLOJ\u0130K-BULU\u015eLARI.pdf\" target=\"_blank\" rel=\"noopener noreferrer\">2017 Y\u0131l\u0131n\u0131n En \u00d6nemli Bilimsel Ve Teknolojik Bulu\u015flar\u0131\u00a0<\/a><\/li>\n<li><a href=\"http:\/\/www.uralakbulut.com.tr\/wp-content\/uploads\/2017\/12\/STAT\u0130K-ELEKTR\u0130K-\u00dcRETEC\u0130-B\u0130Z\u0130-ELEKTR\u0130KLE-TANI\u015eTIRMI\u015eTI-19-ARALIK-2017.pdf\" target=\"_blank\" rel=\"noopener noreferrer\">Statik Elektrik \u00dcreteci: Bizi Elektrikle Tan\u0131\u015ft\u0131rm\u0131\u015ft\u0131\u00a0<\/a><\/li>\n<li><a href=\"http:\/\/www.uralakbulut.com.tr\/wp-content\/uploads\/2017\/12\/ARKEOLOJ\u0130-\u0130NSANLIK-TAR\u0130H\u0130N\u0130-\u00dc\u00c7-BOYUTLU-HALE-GET\u0130RD\u0130-3-ARALIK-2017.pdf\" target=\"_blank\" rel=\"noopener noreferrer\">Arkeoloji: \u0130nsanl\u0131k Tarihini \u00dc\u00e7 Boyutlu Hale Getirdi\u00a0<\/a><\/li>\n<li><a href=\"http:\/\/www.uralakbulut.com.tr\/wp-content\/uploads\/2017\/12\/G\u00d6BEKL\u0130-TEPE-D\u00dcNYA-TAR\u0130H\u0130N\u0130-DE\u011e\u0130\u015eT\u0130RD\u0130-30-EK\u0130M-2017.pdf\" target=\"_blank\" rel=\"noopener noreferrer\">G\u00f6bekli Tepe: D\u00fcnya Tarihini De\u011fi\u015ftirdi<\/a><\/li>\n<li><a href=\"http:\/\/www.uralakbulut.com.tr\/wp-content\/uploads\/2017\/11\/ULUBURUN-BATI\u011eI-DEN\u0130Z-T\u0130CARET\u0130N\u0130N-3300-YILLIK-S\u0130MGES\u0130-28-KASIM-2017.pdf\" target=\"_blank\" rel=\"noopener noreferrer\">Uluburun Bat\u0131\u011f\u0131: Deniz Ticaretinin 3300 Y\u0131ll\u0131k Simgesi\u00a0<\/a><\/li>\n<li><a href=\"http:\/\/www.uralakbulut.com.tr\/wp-content\/uploads\/2017\/11\/HELYUM-DOLU-BALON-PATLAYARAK-YANMAZ-12-EK\u0130M-2017.pdf\" target=\"_blank\" rel=\"noopener noreferrer\">Helyum Dolu Balon: Patlayarak Yanmaz\u00a0<\/a><\/li>\n<li><a href=\"http:\/\/www.uralakbulut.com.tr\/wp-content\/uploads\/2017\/11\/ZEYT\u0130N-ANADOLU-DAN-D\u00dcNYAYA-YAYILDI-7-KASIM-2017.pdf\" target=\"_blank\" rel=\"noopener noreferrer\">Zeytin Anadolu\u2019dan D\u00fcnyaya Yay\u0131ld\u0131<\/a><\/li>\n<li><a href=\"http:\/\/www.uralakbulut.com.tr\/wp-content\/uploads\/2017\/10\/TWITTER-IN-KURUCUSU-JACK-DORSEY-23-EK\u0130M-2017.pdf\" target=\"_blank\" rel=\"noopener noreferrer\">Tw\u0131tter\u2019\u0131n Kurucusu Jack Dorsey<\/a><\/li>\n<li><a href=\"http:\/\/www.uralakbulut.com.tr\/wp-content\/uploads\/2017\/10\/BA\u011eIRSAKTAN-YAPILAN-ARP-TEL\u0130-5500-YILLIK-TEKN\u0130KLE-\u00dcRET\u0130L\u0130R-9-EK\u0130M-2017.pdf\" target=\"_blank\" rel=\"noopener noreferrer\">Ba\u011f\u0131rsaktan Yap\u0131lan Arp Teli: 5500 Y\u0131ll\u0131k Teknikle \u00dcretilir<b>\u00a0<\/b><\/a><\/li>\n<li><a href=\"http:\/\/www.uralakbulut.com.tr\/wp-content\/uploads\/2017\/10\/ARA\u015eTIRMA-\u00dcN\u0130VERS\u0130TES\u0130-1800-LERE-UZANIR-2-EK\u0130M-2017.pdf\" target=\"_blank\" rel=\"noopener noreferrer\">Ara\u015ft\u0131rma \u00dcniversitesi 1800\u2019lere Uzan\u0131r<\/a><\/li>\n<li><a href=\"http:\/\/www.uralakbulut.com.tr\/wp-content\/uploads\/2017\/09\/TESLA-ELEKTR\u0130KL\u0130-ARABASININ-YARATICISI-ELON-MUSK-25-EYL\u00dcL-2017.pdf\" target=\"_blank\" rel=\"noopener noreferrer\">Tesla Elektrikli Arabas\u0131n\u0131n Yarat\u0131c\u0131s\u0131: Elon Musk\u00a0<\/a><\/li>\n<li><a href=\"http:\/\/www.uralakbulut.com.tr\/wp-content\/uploads\/2017\/09\/AMAZON-U-KURAN-BEZOS-UZAYA-ROKET-G\u00d6NDER\u0130YOR-11-Eyl\u00fcl-2017.pdf\" target=\"_blank\" rel=\"noopener noreferrer\">Amazon\u2019u Kuran Bezos, Uzaya Roket G\u00f6nderiyor\u00a0<\/a><\/li>\n<li><a href=\"http:\/\/www.uralakbulut.com.tr\/wp-content\/uploads\/2017\/09\/PLAST\u0130K-BOYA-\u0130N\u015eAAT\u00c7ILARIN-\u0130\u015e\u0130N\u0130-KOLAYLA\u015eTIRDI-3-A\u011eUSTOS-2017.pdf\" target=\"_blank\" rel=\"noopener noreferrer\">Plastik Boya: \u0130n\u015faat\u00e7\u0131lar\u0131n \u0130\u015fini Kolayla\u015ft\u0131rd\u0131 \u00a0\u00a0<\/a><\/li>\n<li><a href=\"http:\/\/www.uralakbulut.com.tr\/wp-content\/uploads\/2017\/08\/YARDIMCI-DO\u00c7ENTL\u0130K-ABD-DEN-T\u00dcM-D\u00dcNYAYA-YAYILDI-29-TEMMUZ-2017.pdf\" target=\"_blank\" rel=\"noopener noreferrer\">Yard\u0131mc\u0131 Do\u00e7entlik: ABD\u2019den T\u00fcm D\u00fcnyaya Yay\u0131ld\u0131\u00a0<\/a><\/li>\n<li><a href=\"http:\/\/www.uralakbulut.com.tr\/wp-content\/uploads\/2017\/07\/D\u00d6VME-YAPTIRMAK-5300-YIL-\u00d6NCEYE-UZANIR-25-TEMMUZ-2017.pdf\" target=\"_blank\" rel=\"noopener noreferrer\">D\u00f6vme Yapt\u0131rmak: 5300 Y\u0131l \u00d6nceye Uzan\u0131r<\/a><\/li>\n<li><a href=\"http:\/\/www.uralakbulut.com.tr\/wp-content\/uploads\/2017\/07\/YALAN-MAK\u0130NES\u0130-GER\u00c7E\u011e\u0130-ORTAYA-\u00c7IKARIYOR-MU-10-TEMMUZ-2017.pdf\" target=\"_blank\" rel=\"noopener noreferrer\">Yalan Makinesi: Ger\u00e7e\u011fi Ortaya \u00c7\u0131kar\u0131yor Mu?\u00a0<\/a><\/li>\n<li><a href=\"http:\/\/www.uralakbulut.com.tr\/wp-content\/uploads\/2017\/07\/BEYG\u0130R-G\u00dcC\u00dc-BUHAR-MAK\u0130NES\u0130N\u0130N-G\u00dc\u00c7-B\u0130R\u0130M\u0130YD\u0130-4-TEMMUZ-2017.pdf\" target=\"_blank\" rel=\"noopener noreferrer\">Beygir G\u00fcc\u00fc: Buhar Makinesinin G\u00fc\u00e7 Birimiydi<\/a><\/li>\n<li><a href=\"http:\/\/www.uralakbulut.com.tr\/wp-content\/uploads\/2017\/06\/KATARAKT-\u0130LK-AMEL\u0130YAT-2500-YIL-\u00d6NCE-YAPILDI-2-HAZ\u0130RAN-2017.pdf\" target=\"_blank\" rel=\"noopener noreferrer\">Katarakt: \u0130lk Ameliyat 2500 Y\u0131l \u00d6nce Yap\u0131ld\u0131\u00a0<\/a><\/li>\n<li><a href=\"http:\/\/www.uralakbulut.com.tr\/wp-content\/uploads\/2017\/06\/ASTERO\u0130D-KU\u015eA\u011eI-GEZEGEN-OLAMAMI\u015e-M\u0130LYARLARCA-TA\u015e-23-MAYIS-2017.pdf\" target=\"_blank\" rel=\"noopener noreferrer\">Asteroid Ku\u015fa\u011f\u0131: Gezegen Olamam\u0131\u015f Milyarlarca Ta\u015f\u00a0<\/a><\/li>\n<li><a href=\"http:\/\/www.uralakbulut.com.tr\/wp-content\/uploads\/2017\/05\/STETOSKOP-DOKTORLARIN-VAZ-GE\u00c7EMED\u0130\u011e\u0130-C\u0130HAZ-19-MAYIS-2017.pdf\" target=\"_blank\" rel=\"noopener noreferrer\">Stetoskop: Doktorlar\u0131n Vazge\u00e7emedi\u011fi Cihaz<\/a><\/li>\n<li><a href=\"http:\/\/www.uralakbulut.com.tr\/wp-content\/uploads\/2017\/05\/D\u00dcNYA-D\u00dcZD\u00dcR-F\u0130KR\u0130N\u0130N-\u00c7IKI\u015eI-VE-KAYBOLU\u015eU-3MAYIS-2017.pdf\" target=\"_blank\" rel=\"noopener noreferrer\">D\u00fcnya D\u00fczd\u00fcr Fikrinin \u00c7\u0131k\u0131\u015f\u0131 Ve Kaybolu\u015fu<\/a><\/li>\n<li><a href=\"http:\/\/www.uralakbulut.com.tr\/wp-content\/uploads\/2017\/05\/KARAB\u0130BER-CO\u011eRAF\u0130-KE\u015e\u0130FLER\u0130-HIZLANDIRDI-16-N\u0130SAN-2017.pdf\" target=\"_blank\" rel=\"noopener noreferrer\">Karabiber: Co\u011frafi Ke\u015fifleri H\u0131zland\u0131rd\u0131\u00a0<\/a><\/li>\n<li><a href=\"http:\/\/www.uralakbulut.com.tr\/wp-content\/uploads\/2017\/04\/KRED\u0130-KARTI-\u0130LK-F\u0130K\u0130R-1887-DE-ABD-DE-ORTAYA-\u00c7IKTI-3-N\u0130SAN-2017.pdf\" target=\"_blank\" rel=\"noopener noreferrer\">Kredi Kart\u0131: \u0130lk Fikir 1887\u2019de Abd\u2019de Ortaya \u00c7\u0131kt\u0131<\/a><\/li>\n<li><a href=\"http:\/\/www.uralakbulut.com.tr\/wp-content\/uploads\/2017\/03\/GEM\u0130-YAPIM-TEKN\u0130\u011e\u0130-4500-YIL-\u00d6NCE-MISIRDA-GEL\u0130\u015eT\u0130R\u0130LD\u0130-27-MART-2017.pdf\" target=\"_blank\" rel=\"noopener noreferrer\">Gemi Yap\u0131m Tekni\u011fi: 4500 Y\u0131l \u00d6nce M\u0131s\u0131r\u2019da Geli\u015ftirildi<\/a><\/li>\n<li><a href=\"http:\/\/www.uralakbulut.com.tr\/wp-content\/uploads\/2017\/03\/METEOROLOJ\u0130-TAR\u0130H\u0130-S\u00dcMERLER-VE-BAB\u0130LL\u0130LER-E-UZANIR-22-MART-2017.pdf\" target=\"_blank\" rel=\"noopener noreferrer\">Meteoroloji Tarihi: S\u00fcmerler Ve Babilliler\u2019e Uzan\u0131r\u00a0<\/a><\/li>\n<li><a href=\"http:\/\/www.uralakbulut.com.tr\/wp-content\/uploads\/2017\/03\/MARK-ZUCKERBERGFACEBOOKEN-GEN\u00c7-M\u0130LYARDER-3-MART-2017.pdf\" target=\"_blank\" rel=\"noopener noreferrer\">Mark Zuckerberg=Facebook=En Gen\u00e7 Milyarder<\/a><\/li>\n<li><a href=\"http:\/\/www.uralakbulut.com.tr\/wp-content\/uploads\/2017\/03\/UZAYDA-Y\u00dcR\u00dcYEN-\u0130LK-\u0130NSAN-UZAYDA-\u00d6L\u00dcMDEN-D\u00d6ND\u00dc-19-\u015eUBAT-2017.pdf\" target=\"_blank\" rel=\"noopener noreferrer\">Uzayda Y\u00fcr\u00fcyen \u0130lk \u0130nsan: Uzayda \u00d6l\u00fcmden D\u00f6nd\u00fc\u00a0<\/a><\/li>\n<li><a href=\"http:\/\/www.uralakbulut.com.tr\/wp-content\/uploads\/2017\/02\/HAVA-L\u0130MANLARI-\u0130STANBUL-EN-ESK\u0130LERDEN-B\u0130R\u013016-\u015eUBAT-2017.pdf\" target=\"_blank\" rel=\"noopener noreferrer\">Havalimanlar\u0131: \u0130stanbul En Eskilerden Biri<\/a><a href=\"http:\/\/www.uralakbulut.com.tr\/wp-content\/uploads\/2015\/02\/EBOLA-SALGINI-AFR\u0130KA-DA-2013-TE-TEKRAR-ORTAYA-\u00c7IKTI-14-\u015eUBAT-2015.pdf\" target=\"_blank\" rel=\"noopener noreferrer\"><b><br \/>\n<\/b><\/a><\/li>\n<li><a href=\"http:\/\/www.uralakbulut.com.tr\/wp-content\/uploads\/2017\/02\/OK-71-B\u0130N-YILLIK-S\u0130LAH-12-\u015eUBAT-2016.pdf\" target=\"_blank\" rel=\"noopener noreferrer\">Ok: 71 Bin Y\u0131ll\u0131k Silah\u00a0<\/a><\/li>\n<li><a href=\"http:\/\/www.uralakbulut.com.tr\/wp-content\/uploads\/2017\/02\/DOKTORA-ALAN-\u0130LK-KADIN-ELENA-C-PISCOPIA-6-\u015eUBAT-2017.pdf\" target=\"_blank\" rel=\"noopener noreferrer\">Doktora Alan \u0130lk Kad\u0131n: Elena C. P\u0131scop\u0131a\u00a0<\/a><\/li>\n<li><a href=\"http:\/\/www.uralakbulut.com.tr\/wp-content\/uploads\/2017\/02\/SALMAN-KHAN-V\u0130DEOLARIYLA-\u00dcCRETS\u0130Z-DERS-VEREN-HOCA-29-OCAK-2017.pdf\" target=\"_blank\" rel=\"noopener noreferrer\">Salman Khan: Videolar\u0131yla \u00dccretsiz Ders Veren Hoca\u00a0<\/a><\/li>\n<li><a href=\"http:\/\/www.uralakbulut.com.tr\/wp-content\/uploads\/2017\/01\/SU\u00c7SUZLU\u011eU-KANITLAMA-TESTLER\u0130-4000-YILLIK-EZ\u0130YETLER-22-OCAK-2017.pdf\" target=\"_blank\" rel=\"noopener noreferrer\">Su\u00e7suzlu\u011fu Kan\u0131tlama Testleri: 4000 Y\u0131ll\u0131k Eziyetler\u00a0<\/a><\/li>\n<li><a href=\"http:\/\/www.uralakbulut.com.tr\/wp-content\/uploads\/2017\/01\/ASTRONOTLARIN-KAR\u015eILAB\u0130LECE\u011e\u0130-SA\u011eLIK-SORUNLARI-16-OCAK-2017.pdf\" target=\"_blank\" rel=\"noopener noreferrer\">Astronotlar\u0131n Kar\u015f\u0131la\u015fabilece\u011fi Sa\u011fl\u0131k Sorunlar\u0131\u00a0<\/a><\/li>\n<li><a href=\"http:\/\/www.uralakbulut.com.tr\/wp-content\/uploads\/2017\/01\/RICHARD-FEYNMAN-NANOTEKNOLOJ\u0130N\u0130N-\u00d6N\u00dcN\u00dc-A\u00c7TI-9-OCAK-2017.pdf\" target=\"_blank\" rel=\"noopener noreferrer\">R\u0131chard Feynman: Nanoteknolojinin \u00d6n\u00fcn\u00fc A\u00e7t\u0131<\/a><\/li>\n<li><a href=\"http:\/\/www.uralakbulut.com.tr\/wp-content\/uploads\/2017\/01\/SOYUZ-RUSLARIN-UZAY-ARACI-NASIL-\u00c7ALI\u015eIYOR-1-OCAK-2017.pdf\" target=\"_blank\" rel=\"noopener noreferrer\">Soyuz: Ruslar\u0131n Uzay Arac\u0131 Nas\u0131l \u00c7al\u0131\u015f\u0131yor?<\/a><\/li>\n<li><a href=\"http:\/\/www.uralakbulut.com.tr\/wp-content\/uploads\/2016\/12\/2016-YILININ-EN-\u00d6NEML\u0130-B\u0130L\u0130MSEL-VE-TEKNOLOJ\u0130K-BULU\u015eLARI-18-ARALIK-2016.pdf\" target=\"_blank\" rel=\"noopener noreferrer\">2016 Y\u0131l\u0131n\u0131n En \u00d6nemli Bilimsel Ve Teknolojik Bulu\u015flar\u0131 (18 Aral\u0131k 2016)<\/a><\/li>\n<li><a href=\"http:\/\/www.uralakbulut.com.tr\/wp-content\/uploads\/2016\/12\/KATHERINE-JOHNSON-NASANIN-KADIN-MATEMAT\u0130K\u00c7\u0130S\u0130-25-ARALK-2016.pdf\" target=\"_blank\" rel=\"noopener noreferrer\">Kather\u0131ne Johnson: Nasa\u2019n\u0131n Kad\u0131n Matematik\u00e7isi\u00a0<\/a><\/li>\n<li><a href=\"http:\/\/www.uralakbulut.com.tr\/wp-content\/uploads\/2016\/12\/KARBON-14-YA\u015e-TAY\u0130N\u0130N\u0130-NASIL-YAPILIYOR-19-ARALIK-2016.pdf\" target=\"_blank\" rel=\"noopener noreferrer\">Karbon-14 Ya\u015f Tayini Nas\u0131l Yap\u0131l\u0131yor?<\/a><\/li>\n<li><a href=\"http:\/\/www.uralakbulut.com.tr\/wp-content\/uploads\/2016\/12\/CAROLINE-HERSCHEL-B\u0130L\u0130MSEL-MAKALE-YAZAN-\u0130LK-KADIN-13-ARALIK-2016.pdf\" target=\"_blank\" rel=\"noopener noreferrer\">Carol\u0131ne Herschel: Bilimsel Makale Yazan \u0130lk Kad\u0131n<b>\u00a0<\/b><\/a><\/li>\n<li><a href=\"http:\/\/www.uralakbulut.com.tr\/wp-content\/uploads\/2016\/12\/B\u0130L\u0130MSEL-DERG\u0130LER-\u0130LK-KEZ-1665-TE-\u00c7IKTI-4-ARALIK-2016.pdf\" target=\"_blank\" rel=\"noopener noreferrer\">Bilimsel Dergiler \u0130lk Kez 1665\u2019te \u00c7\u0131kt\u0131\u00a0<\/a><\/li>\n<li><a href=\"http:\/\/www.uralakbulut.com.tr\/wp-content\/uploads\/2016\/11\/UZAY-MEK\u0130\u011e\u0130YLE-UZAYA-\u00c7IKI\u015e-VE-D\u00d6N\u00dc\u015e-21-KASIM-2016.pdf\" target=\"_blank\" rel=\"noopener noreferrer\">Uzay Meki\u011fiyle Uzaya \u00c7\u0131k\u0131\u015f Ve D\u00f6n\u00fc\u015f\u00a0<\/a><\/li>\n<li><a href=\"http:\/\/www.uralakbulut.com.tr\/wp-content\/uploads\/2016\/11\/AMAZON-K\u0130TAPLA-BA\u015eLADI-A-DAN-Z-YE-HER\u015eEY\u0130-SATIYOR-14-KASIM-2016.pdf\" target=\"_blank\" rel=\"noopener noreferrer\">Amazon: Kitapla Ba\u015flad\u0131 A\u2019dan Z\u2019ye Her\u015feyi Sat\u0131yor<\/a><\/li>\n<li><a href=\"http:\/\/www.uralakbulut.com.tr\/wp-content\/uploads\/2016\/11\/JET-U\u00c7AKLARINI-\u0130LK-KEZ-ALMANLAR-U\u00c7URDU-7-KASIM-2016.pdf\" target=\"_blank\" rel=\"noopener noreferrer\">Jet U\u00e7aklar\u0131n\u0131 \u0130lk Kez Almanlar U\u00e7urdu<\/a><\/li>\n<li><a href=\"http:\/\/www.uralakbulut.com.tr\/wp-content\/uploads\/2016\/11\/G\u00dcNE\u015e-YELKENL\u0130S\u0130-YAKIT-TA\u015eIMADAN-UZAYDA-YOL-ALACAK-31-EK\u0130M-2016.pdf\" target=\"_blank\" rel=\"noopener noreferrer\">G\u00fcne\u015f Yelkenlisi: Yak\u0131t Ta\u015f\u0131madan Uzayda Yol Alacak\u00a0<\/a><\/li>\n<li><a href=\"http:\/\/www.uralakbulut.com.tr\/wp-content\/uploads\/2016\/10\/MARS-A-NE-ZAMAN-G\u0130D\u0130LECEK-23-EK\u0130M-2016.pdf\" target=\"_blank\" rel=\"noopener noreferrer\">Mars\u2019a Ne Zaman Gidilecek?\u00a0<\/a><\/li>\n<li><a href=\"http:\/\/www.uralakbulut.com.tr\/wp-content\/uploads\/2016\/10\/CAMBR\u0130DGE-\u00dcN\u0130VERS\u0130TES\u0130-OXFORD-DAN-KA\u00c7ANLAR-KURDU-18-EK\u0130M-2016.pdf\" target=\"_blank\" rel=\"noopener noreferrer\">Cambridge \u00dcniversitesi: Oxford\u2019dan Ka\u00e7anlar Kurdu<\/a><\/li>\n<li><a href=\"http:\/\/www.uralakbulut.com.tr\/wp-content\/uploads\/2016\/10\/D\u00dc\u011eME-5-B\u0130N-YIL-\u00d6NCE-S\u00dcS-OLARAK-KULLANILIRDI-10-EK\u0130M-2016.pdf\" target=\"_blank\" rel=\"noopener noreferrer\">D\u00fc\u011fme: 5 Bin Y\u0131l \u00d6nce S\u00fcs Olarak Kullan\u0131l\u0131rd\u0131\u00a0<\/a><\/li>\n<li><a href=\"http:\/\/www.uralakbulut.com.tr\/wp-content\/uploads\/2016\/09\/TARIM-ANADOLU-NUN-G\u00dcNEY\u0130NDE-BA\u015eLADI-26-EYL\u00dcL-2016.pdf\" target=\"_blank\" rel=\"noopener noreferrer\">Tar\u0131m: Anadolu\u2019nun G\u00fcneyinde Ba\u015flad\u0131<\/a><\/li>\n<li><a href=\"http:\/\/www.uralakbulut.com.tr\/wp-content\/uploads\/2016\/09\/PANTOLON-3000-YIL-\u00d6NCE-ORTA-ASYA-DA-\u0130CAT-ED\u0130LD\u0130-28-A\u011eUSTOS-2016.pdf\" target=\"_blank\" rel=\"noopener noreferrer\">Pantolon: 3000 Y\u0131l \u00d6nce Orta Asya\u2019da \u0130cat Edildi\u00a0<\/a><\/li>\n<li><a href=\"http:\/\/www.uralakbulut.com.tr\/wp-content\/uploads\/2016\/08\/KAL\u00c7A-PROTEZ\u0130-\u0130LK-KEZ-125-YIL-\u00d6NCE-TAKILDI-21-A\u011eUSTOS-2016.pdf\" target=\"_blank\" rel=\"noopener noreferrer\">Kal\u00e7a Protezi: \u0130lk Kez 125 Y\u0131l \u00d6nce Tak\u0131ld\u0131\u00a0<\/a><\/li>\n<li><a href=\"http:\/\/www.uralakbulut.com.tr\/wp-content\/uploads\/2016\/08\/MAGELLAN-BATIYA-G\u0130DEREK-DO\u011eUYA-ULA\u015eAN-\u0130LK-GEM\u0130C\u0130-7-A\u011eUSTOS-2016.pdf\" target=\"_blank\" rel=\"noopener noreferrer\">Magellan: Bat\u0131ya Giderek Do\u011fuya Ula\u015fan \u0130lk Gemici\u00a0<\/a><\/li>\n<li><a href=\"http:\/\/www.uralakbulut.com.tr\/wp-content\/uploads\/2016\/07\/\u0130PEK-YOLU-D\u00dcNYA-K\u00dcLT\u00dcR-M\u0130RASI-L\u0130STES\u0130NDE-21-TEMMUZ-2016.pdf\" target=\"_blank\" rel=\"noopener noreferrer\">\u0130pek Yolu: D\u00fcnya K\u00fclt\u00fcr Miras\u0131 Listesinde\u00a0<\/a><\/li>\n<li><a href=\"http:\/\/www.uralakbulut.com.tr\/wp-content\/uploads\/2016\/07\/AYDINLANMA-\u00c7A\u011eI-B\u0130L\u0130M\u0130N-GEL\u0130\u015eMES\u0130N\u0130-HIZLANDIRDI-12-TEMMUZ-2016.pdf\" target=\"_blank\" rel=\"noopener noreferrer\">Ayd\u0131nlanma \u00c7a\u011f\u0131: Bilimin Geli\u015fmesini H\u0131zland\u0131rd\u0131\u00a0<\/a><\/li>\n<li><a href=\"http:\/\/www.uralakbulut.com.tr\/wp-content\/uploads\/2016\/06\/J\u00dcP\u0130TER-E-4-TEMMUZ-DA-ULA\u015eACAK-OLAN-UZAY-ARACI-JUNO-28-HAZ\u0130RAN-2016.pdf\" target=\"_blank\" rel=\"noopener noreferrer\">J\u00fcpiter\u2019e 4 Temmuz\u2019da Ula\u015facak Olan Uzay Arac\u0131: Juno<\/a><\/li>\n<li><a href=\"http:\/\/www.uralakbulut.com.tr\/wp-content\/uploads\/2016\/06\/POMPEII-VEZ\u00dcV-\u00dcN-K\u00dcLLER\u0130-ALTINDA-1700-YIL-14-HAZ\u0130RAN-2016.pdf\" target=\"_blank\" rel=\"noopener noreferrer\">Pompe\u0131\u0131: Vez\u00fcv\u2019\u00fcn K\u00fclleri Alt\u0131nda 1700 Y\u0131l<\/a><\/li>\n<li><a href=\"http:\/\/www.uralakbulut.com.tr\/wp-content\/uploads\/2016\/06\/G\u00dcNEY-KORE-60-YILDA-EN-ZENG\u0130N-11-\u00dcLKE-OLDU-5-HAZ\u0130RAN-2016.pdf\" target=\"_blank\" rel=\"noopener noreferrer\">G\u00fcney Kore: 60 Y\u0131lda En Zengin 11. \u00dclke Oldu<\/a><\/li>\n<li><a href=\"http:\/\/www.uralakbulut.com.tr\/wp-content\/uploads\/2016\/05\/VASCO-DA-GAMA-AVRUPA-DAN-H\u0130ND\u0130STAN-A-GEM\u0130YLE-ULA\u015eAN-\u0130LK-KAPTAN-22-MAYIS-2016.pdf\" target=\"_blank\" rel=\"noopener noreferrer\">Vasco Da Gama: Avrupa\u2019dan Hindistan\u2019a Gemiyle Ula\u015fan \u0130lk Kaptan<\/a><\/li>\n<li><a href=\"http:\/\/www.uralakbulut.com.tr\/wp-content\/uploads\/2016\/05\/YOUTUBE-DE\u011eER\u0130-3-5-M\u0130LYON-DOLARDAN-80-M\u0130LYARA-\u00c7IKTI-17-MAYIS-2016.pdf\" target=\"_blank\" rel=\"noopener noreferrer\">Youtube: De\u011feri 3,5 Milyon Dolardan 80 Milyara \u00c7\u0131kt\u0131<\/a><\/li>\n<li><a href=\"http:\/\/www.uralakbulut.com.tr\/wp-content\/uploads\/2016\/05\/M\u00dcZELER-\u0130NSANLIK-TAR\u0130H\u0130NE-SAYGININ-S\u0130MGELER\u0130-10-MAYIS-2016-SON.pdf\" target=\"_blank\" rel=\"noopener noreferrer\">M\u00fczeler: \u0130nsanl\u0131k Tarihine Sayg\u0131n\u0131n Simgeleri<\/a><\/li>\n<li><a href=\"http:\/\/www.uralakbulut.com.tr\/wp-content\/uploads\/2016\/04\/BELED\u0130YE-BA\u015eKANINA-OXFORD-\u00d6\u011eRENC\u0130LER\u0130NE-SALDIRMA-CEZASI-24-N\u0130SAN-2016.pdf\" target=\"_blank\" rel=\"noopener noreferrer\">Belediye Ba\u015fkan\u0131na, Oxford \u00d6\u011frencilerine Sald\u0131rma Cezas\u0131<\/a><\/li>\n<li><a href=\"http:\/\/www.uralakbulut.com.tr\/wp-content\/uploads\/2016\/04\/MIZRAK-TA\u015e-DEVR\u0130-AVCILRININ-S\u0130LAHI-20-N\u0130SAN-2016.pdf\" target=\"_blank\" rel=\"noopener noreferrer\">M\u0131zrak: Ta\u015f Devri Avc\u0131lar\u0131n\u0131n Silah\u0131\u00a0<\/a><\/li>\n<li><a href=\"http:\/\/www.uralakbulut.com.tr\/wp-content\/uploads\/2016\/04\/\u00c7\u0130V\u0130-MODERN-YA\u015eAMA-GE\u00c7\u0130\u015eTE-\u00d6NEML\u0130-B\u0130R-ADIM-10-N\u0130SAN-2016.pdf\" target=\"_blank\" rel=\"noopener noreferrer\">\u00c7ivi: Modern Ya\u015fama Ge\u00e7i\u015fte \u00d6nemli Bir Ad\u0131m\u00a0<\/a><\/li>\n<li><a href=\"http:\/\/www.uralakbulut.com.tr\/wp-content\/uploads\/2016\/04\/TELL\u0130-TEYP-\u00c7EL\u0130K-TEL-\u00dcZER\u0130NE-SES-KAYDEDEN-C\u0130HAZ-4-N\u0130SAN-2016.pdf\" target=\"_blank\" rel=\"noopener noreferrer\">Telli Teyp: \u00c7elik Tel \u00dczerine Ses Kaydeden Cihaz\u00a0<\/a><\/li>\n<li><a href=\"http:\/\/www.uralakbulut.com.tr\/wp-content\/uploads\/2016\/03\/KARBON-F\u0130BER-\u00c7EL\u0130KTEN-5-KAT-HAF\u0130F-10-KAT-G\u00dc\u00c7L\u00dc-28-MART-2016.pdf\" target=\"_blank\" rel=\"noopener noreferrer\">Karbon Fiber: \u00c7elikten 5 Kat Hafif 10 Kat G\u00fc\u00e7l\u00fc<\/a><b>\u00a0<\/b><\/li>\n<li><a href=\"http:\/\/www.uralakbulut.com.tr\/wp-content\/uploads\/2016\/03\/PVC-\u0130N\u015eAATLARDA-EN-FAZLA-KULLANILAN-PLAST\u0130K-14-MART-2016-Copy.pdf\" target=\"_blank\" rel=\"noopener noreferrer\">Pvc: \u0130n\u015faatlarda En Fazla Kullan\u0131lan Plastik<\/a><\/li>\n<li><a href=\"http:\/\/www.uralakbulut.com.tr\/wp-content\/uploads\/2016\/03\/KALAY-BRONZ-\u00c7A\u011eINA-GE\u00c7\u0130\u015e\u0130-SA\u011eLAYAN-METAL-14-MART-2016-Copy.pdf\" target=\"_blank\" rel=\"noopener noreferrer\">Kalay: Bronz \u00c7a\u011f\u0131\u2019na Ge\u00e7i\u015fi Sa\u011flayan Metal<\/a><\/li>\n<li><a href=\"http:\/\/www.uralakbulut.com.tr\/wp-content\/uploads\/2016\/03\/OBS\u0130DYEN-ANADOLU-NUN-EN-ESK\u0130-\u0130HRA\u00c7-\u00dcR\u00dcN\u00dc-1-MART-2016.pdf\" target=\"_blank\" rel=\"noopener noreferrer\">Obsidyen: Anadolu\u2019nun En Eski \u0130hra\u00e7 \u00dcr\u00fcn\u00fc<\/a><\/li>\n<li><a href=\"http:\/\/www.uralakbulut.com.tr\/wp-content\/uploads\/2016\/02\/FR\u0130ZB\u0130-TURTA-TABA\u011eINDAN-EN-\u00c7OK-SATAN-OYUNCA\u011eA-21-\u015eUBAT-2016.pdf\" target=\"_blank\" rel=\"noopener noreferrer\">Frizbi: Turta Taba\u011f\u0131ndan En \u00c7ok Satan Oyunca\u011fa<\/a><b>\u00a0<\/b><\/li>\n<li><a href=\"http:\/\/www.uralakbulut.com.tr\/wp-content\/uploads\/2016\/02\/POL\u0130ET\u0130LEN-D\u00dcNYADA-EN-FAZLA-KULLANILAN-PLAST\u0130K-12-\u015eUBAT-2016.pdf\" target=\"_blank\" rel=\"noopener noreferrer\">Polietilen: D\u00fcnyada En Fazla Kullan\u0131lan Plastik\u00a0<\/a><\/li>\n<li><a href=\"http:\/\/www.uralakbulut.com.tr\/wp-content\/uploads\/2016\/02\/KONTAKT-LENS-200-YIL-\u00d6NCEYE-UZANIR-9-\u015eUBAT-2016.pdf\" target=\"_blank\" rel=\"noopener noreferrer\">Kontakt Lens: 200 Y\u0131l \u00d6nceye Uzan\u0131r<\/a><\/li>\n<li><a href=\"http:\/\/www.uralakbulut.com.tr\/wp-content\/uploads\/2016\/02\/PAP\u0130R\u00dcS-5000-YIL-\u00d6NCE-\u0130CAT-ED\u0130LD\u0130-1-\u015eUBAT-2016.pdf\" target=\"_blank\" rel=\"noopener noreferrer\">Papir\u00fcs: 5000 Y\u0131l \u00d6nce \u0130cat Edildi\u00a0<\/a><\/li>\n<li><a href=\"http:\/\/www.uralakbulut.com.tr\/wp-content\/uploads\/2016\/01\/BAKAL\u0130T-\u0130LK-SENTET\u0130K-PLAST\u0130K-25-OCAK-2016.pdf\" target=\"_blank\" rel=\"noopener noreferrer\">Bakalit: \u0130lk Sentetik Plastik<\/a><\/li>\n<li><a href=\"http:\/\/www.uralakbulut.com.tr\/wp-content\/uploads\/2016\/01\/\u0130SKENDER\u0130YE-K\u00dcT\u00dcPHANES\u0130-KURULU\u015eU-VE-YOK-OLU\u015eU-18-OCAK-2016.pdf\">\u0130skenderiye K\u00fct\u00fcphanesi: Kurulu\u015fu Ve Yok Olu\u015fu<\/a><\/li>\n<li><a href=\"http:\/\/www.uralakbulut.com.tr\/wp-content\/uploads\/2016\/01\/H\u0130DROJEN-BOMBASI-NED\u0130R-NASIL-\u00c7ALI\u015eIR-7-OCAK-2015.pdf\" target=\"_blank\" rel=\"noopener noreferrer\">Hidrojen Bombas\u0131 Nedir? Nas\u0131l \u00c7al\u0131\u015f\u0131r?<\/a><\/li>\n<li><a href=\"http:\/\/www.uralakbulut.com.tr\/wp-content\/uploads\/2016\/01\/UZAYDAK\u0130-ESK\u0130-UYDULAR-VE-UZAY-K\u0130RL\u0130L\u0130\u011e\u0130-3-OCAK-2016.pdf\" target=\"_blank\" rel=\"noopener noreferrer\">Uzaydaki Eski Uydular Ve Uzay Kirlili\u011fi<\/a><\/li>\n<li><a href=\"http:\/\/www.uralakbulut.com.tr\/wp-content\/uploads\/2015\/12\/GPS-K\u00dcRESEL-KONUMLAMA-S\u0130STEM\u0130-NED\u0130R-NASIL-\u00c7ALI\u015eIR-29-ARALIK-2015.pdf\" target=\"_blank\" rel=\"noopener noreferrer\">Gps: K\u00fcresel Konumlama Sistemi Nedir? Nas\u0131l \u00c7al\u0131\u015f\u0131r?\u00a0<\/a><\/li>\n<li><a href=\"http:\/\/www.uralakbulut.com.tr\/wp-content\/uploads\/2015\/12\/GPS-K\u00dcRESEL-KONUMLAMA-S\u0130STEM\u0130-NED\u0130R-NASIL-\u00c7ALI\u015eIR-29-ARALIK-2015.pdf\" target=\"_blank\" rel=\"noopener noreferrer\">2015 Y\u0131l\u0131n\u0131n En \u00d6nemli Bilimsel Ve Teknolojik Bulu\u015flar\u0131\u00a0<\/a><\/li>\n<li><a href=\"http:\/\/www.uralakbulut.com.tr\/wp-content\/uploads\/2015\/12\/ELMAS-GRAF\u0130T-KUR\u015eUN-KALEM-ELMAS-MATKAP-UCU-9-A\u011eUSTOS-2014.pdf\" target=\"_blank\" rel=\"noopener noreferrer\">Elmas=Grafit=Kur\u015fun Kalem=Elmas Matkap Ucu\u00a0<\/a><\/li>\n<li><a href=\"http:\/\/www.uralakbulut.com.tr\/wp-content\/uploads\/2015\/12\/KRAL\u0130YET-TA\u00c7LARININ-\u00c7O\u011eU-G\u00dcNE\u015e\u0130-S\u0130MGELER-20-ARALIK-2015.pdf\" target=\"_blank\" rel=\"noopener noreferrer\">Kraliyet Ta\u00e7lar\u0131n\u0131n \u00c7o\u011fu G\u00fcne\u015fi Simgeler<\/a><\/li>\n<li><a href=\"http:\/\/www.uralakbulut.com.tr\/wp-content\/uploads\/2015\/12\/YOLCU-U\u00c7AKLARI-N\u0130\u00c7\u0130N-PARA\u015e\u00dcTLER\u0130-YOK-12-ARALIK-2015.pdf\" target=\"_blank\" rel=\"noopener noreferrer\">Yolcu U\u00e7aklar\u0131nda Ni\u00e7in Para\u015f\u00fct Yok?<\/a><\/li>\n<li><a href=\"http:\/\/www.uralakbulut.com.tr\/wp-content\/uploads\/2015\/11\/G\u00d6K-TA\u015eLARI-M\u0130LYONLARCA-YILDIR-D\u00dcNYA-YA-D\u00dc\u015e\u00dcYOR-23-KASIM-2015.pdf\" target=\"_blank\" rel=\"noopener noreferrer\">G\u00f6k Ta\u015flar\u0131: Milyonlarca Y\u0131ld\u0131r D\u00fcnyaya D\u00fc\u015f\u00fcyorlar<\/a><\/li>\n<li><a href=\"http:\/\/www.uralakbulut.com.tr\/wp-content\/uploads\/2015\/11\/MAKYAJ-YAPMAK-B\u0130NLERCE-YILLIK-GELENEK-17-KASIM-2015.pdf\" target=\"_blank\" rel=\"noopener noreferrer\">Makyaj Yapmak: Binlerce Y\u0131ll\u0131k Gelenek<\/a><\/li>\n<li><a href=\"http:\/\/www.uralakbulut.com.tr\/wp-content\/uploads\/2015\/11\/LEONARDO-DA-VINCI-B\u0130L\u0130M-VE-SANAT-DEHASI-9KASIM-2015.pdf\" target=\"_blank\" rel=\"noopener noreferrer\">Leonardo Da V\u0131nc\u0131: Bilim Ve Sanat Dehas\u0131\u00a0<\/a><\/li>\n<li><a href=\"http:\/\/www.uralakbulut.com.tr\/wp-content\/uploads\/2015\/11\/EL-K\u0130ND\u0130-ABBAS\u0130-D\u00d6NEM\u0130-N\u0130N-SAYGIN-B\u0130L\u0130M-ADAMI-30-EK\u0130M-20151.pdf\" target=\"_blank\" rel=\"noopener noreferrer\">El Kindi: Abbasi D\u00f6nemi\u2019nin Sayg\u0131n Bilim Adam\u0131\u00a0<\/a><\/li>\n<li><a href=\"http:\/\/www.uralakbulut.com.tr\/wp-content\/uploads\/2015\/10\/STEALTH-HAYALET-U\u00c7AK-25-EK\u0130M-2015.pdf\" target=\"_blank\" rel=\"noopener noreferrer\">Stealth: Hayalet U\u00e7ak<\/a><\/li>\n<li><a href=\"http:\/\/www.uralakbulut.com.tr\/wp-content\/uploads\/2015\/10\/D\u00dcNYA-EVRENDEK\u0130-HIZLI-C\u0130S\u0130MLERDEN-B\u0130R\u0130-M\u0130-12-EK\u0130M-2015.pdf\" target=\"_blank\" rel=\"noopener noreferrer\">D\u00fcnya Evrendeki H\u0131zl\u0131 Cisimlerden Biri Mi?<\/a><\/li>\n<li><a href=\"http:\/\/www.uralakbulut.com.tr\/wp-content\/uploads\/2015\/10\/TRAKT\u00d6RLER-\u0130LK-YILLARDA-BUHARLA-\u00c7ALI\u015eIRDI-5-EK\u0130M-2015.pdf\" target=\"_blank\" rel=\"noopener noreferrer\">Trakt\u00f6rler \u0130lk Y\u0131llarda Buharla \u00c7al\u0131\u015f\u0131rd\u0131<\/a><\/li>\n<li><a href=\"http:\/\/www.uralakbulut.com.tr\/wp-content\/uploads\/2015\/09\/D\u00dcNYA-NIN-EKSEN-E\u011e\u0130KL\u0130\u011e\u0130-2255-YIL-\u00d6NCE-HESAPLANDI-28-EYL\u00dcL-2015.pdf\" target=\"_blank\" rel=\"noopener noreferrer\">D\u00fcnya\u2019n\u0131n Eksen E\u011fikli\u011fi 2255 Y\u0131l \u00d6nce Hesapland\u0131\u00a0<\/a><\/li>\n<li><a href=\"http:\/\/www.uralakbulut.com.tr\/wp-content\/uploads\/2015\/09\/KELLY-JOHNSON-EFSANEV\u0130-U\u00c7AKLARIN-TASARIMCISI-20-EYL\u00dcL-2015.pdf\" target=\"_blank\" rel=\"noopener noreferrer\">Kelly Johnson: Efsanevi U\u00e7aklar\u0131n Tasar\u0131mc\u0131s\u0131\u00a0<\/a><\/li>\n<li><a href=\"http:\/\/www.uralakbulut.com.tr\/wp-content\/uploads\/2015\/09\/D\u00dcNYANIN-\u0130LK-U\u00c7AK-BOMBARDIMANI-OSMANLIYI-HEDEFLED\u0130-15-EYL\u00dcL-2015.pdf\" target=\"_blank\" rel=\"noopener noreferrer\">D\u00fcnyan\u0131n \u0130lk U\u00e7ak Bombard\u0131man\u0131: Osmanl\u0131\u2019y\u0131 Hedefledi<\/a><\/li>\n<li><a href=\"http:\/\/www.uralakbulut.com.tr\/wp-content\/uploads\/2015\/09\/T\u0130TANYUM-Y\u0130RM\u0130B\u0130R\u0130NC\u0130-Y\u00dcZYILIN-METAL\u0130-2015.pdf\" target=\"_blank\" rel=\"noopener noreferrer\">Titanyum: Yirmibirinci Y\u00fczy\u0131l\u0131n Metali\u00a0<\/a><\/li>\n<li><a href=\"http:\/\/www.uralakbulut.com.tr\/wp-content\/uploads\/2015\/09\/PALM\u0130RA-KORUNAMAYAN-D\u00dcNYA-K\u00dcLT\u00dcR-M\u0130RASI-30-A\u011eUSTOS-2015.pdf\" target=\"_blank\" rel=\"noopener noreferrer\">Palmira: Korunamayan D\u00fcnya K\u00fclt\u00fcr Miras\u0131\u00a0<\/a><\/li>\n<li><a href=\"http:\/\/www.uralakbulut.com.tr\/wp-content\/uploads\/2015\/08\/AR\u015e\u0130MET-B\u00dcY\u00dcK-MATEMAT\u0130K\u00c7\u0130-VE-MUC\u0130T-22-A\u011eUSTOS-2015.pdf\" target=\"_blank\" rel=\"noopener noreferrer\">Ar\u015fimet: B\u00fcy\u00fck Matematik\u00e7i Ve Mucit \u00a0<\/a><\/li>\n<li><a href=\"http:\/\/www.uralakbulut.com.tr\/wp-content\/uploads\/2015\/08\/MAGDEBURG-YARIM-K\u00dcRELER\u0130-VE-\u0130LK-VAKUM-POMPASI-17-A\u011eUSTOS-2015.pdf\" target=\"_blank\" rel=\"noopener noreferrer\">Magdeburg Yar\u0131m K\u00fcreleri Ve \u0130lk Vakum Pompas\u0131\u00a0<\/a><\/li>\n<li><a href=\"http:\/\/www.uralakbulut.com.tr\/wp-content\/uploads\/2015\/08\/S\u00dcVEY\u015e-KANALI-4000-YIL-\u00d6NCEYE-UZANIR-9-A\u011eUSTOS-2015.pdf\" target=\"_blank\" rel=\"noopener noreferrer\">S\u00fcvey\u015f Kanal\u0131: 4000 Y\u0131l \u00d6nceye Uzan\u0131r\u00a0<\/a><\/li>\n<li><a href=\"http:\/\/www.uralakbulut.com.tr\/wp-content\/uploads\/2015\/08\/URANYUM-2000-YIL-BOYUNCA-ZARARSIZ-SANILDI-3-A\u011eUSTOS-2015.pdf\" target=\"_blank\" rel=\"noopener noreferrer\">Uranyum: 2000 Y\u0131l Boyunca Zarars\u0131z San\u0131ld\u0131<\/a><\/li>\n<li><a href=\"http:\/\/www.uralakbulut.com.tr\/wp-content\/uploads\/2015\/07\/KUDUZ-A\u015eISINI-BULAN-PAST\u00d6R-E-II-ABD\u00dcLHAM\u0130T-N\u0130\u015eAN-VERD\u0130-22-TEMMUZ-2015.pdf\" target=\"_blank\" rel=\"noopener noreferrer\">Kuduz A\u015f\u0131s\u0131n\u0131 Bulan Past\u00f6r\u2019e I\u0131. Abd\u00fclhamit Ni\u015fan Verdi\u00a0<\/a><\/li>\n<li><a href=\"http:\/\/www.uralakbulut.com.tr\/wp-content\/uploads\/2015\/07\/BAB\u0130LL\u0130LER\u0130N-KOLAY-HESAP-YAPMA-Y\u00d6NTEM\u0130-7-TEMMUZ-2015.pdf\" target=\"_blank\" rel=\"noopener noreferrer\">Babillilerin Kolay Hesap Yapma Y\u00f6ntemi\u00a0<\/a><\/li>\n<li><a href=\"http:\/\/www.uralakbulut.com.tr\/wp-content\/uploads\/2015\/06\/M\u0130KROSKOP-B\u0130L\u0130M-VE-TEKNOLOJ\u0130DE-DEVR\u0130M-18-HAZ\u0130RAN-2015.pdf\" target=\"_blank\" rel=\"noopener noreferrer\">Mikroskop: Bilim Ve Teknolojide Devrim<\/a><\/li>\n<li><a href=\"http:\/\/www.uralakbulut.com.tr\/wp-content\/uploads\/2015\/06\/NANOTEKNOLOJ\u0130\u00a0TEKNOLOJ\u0130DE\u00a0DEVR\u0130M.pdf\" target=\"_blank\" rel=\"noopener noreferrer\">Nanoteknoloji:Teknolojide Devrim<\/a><\/li>\n<li><a href=\"http:\/\/www.uralakbulut.com.tr\/wp-content\/uploads\/2015\/06\/U\u00c7AKLARDA-KIVRIK-KANAT-UCU-WINGLET-\u0130N-YARARI-1-HAZ\u0130RAN-2015.pdf\" target=\"_blank\" rel=\"noopener noreferrer\">U\u00e7aklarda K\u0131vr\u0131k Kanat Ucu W\u0131nglet\u2019in Yarar\u0131\u00a0<\/a><\/li>\n<li><a href=\"http:\/\/www.uralakbulut.com.tr\/wp-content\/uploads\/2015\/05\/U\u00c7AKLARDA-VORTEKS-WAKE-T\u00dcRB\u00dcLANSI-TEHL\u0130KES\u0130-26-MAYIS-2015.pdf\" target=\"_blank\" rel=\"noopener noreferrer\">U\u00e7aklarda Vorteks (Wake T\u00fcrb\u00fclans\u0131) Tehlikesi\u00a0<\/a><\/li>\n<li><a href=\"http:\/\/www.uralakbulut.com.tr\/wp-content\/uploads\/2015\/05\/A400M-ASKER\u0130-NAKL\u0130YE-U\u00c7A\u011eI-T\u00dcRK\u0130YE-10-ADET-ALACAK-18-MAYIS-2015.pdf\" target=\"_blank\" rel=\"noopener noreferrer\">A400m Askeri Nakliye U\u00e7a\u011f\u0131: T\u00fcrkiye 10 Adet Al\u0131yor\u00a0<\/a><\/li>\n<li><a href=\"http:\/\/www.uralakbulut.com.tr\/wp-content\/uploads\/2015\/05\/TORRICELLI-BAROMETREY\u0130-\u0130CAT-EDEN-MATEMAT\u0130K\u00c7\u0130-4-MAYIS-2015.pdf\" target=\"_blank\" rel=\"noopener noreferrer\">Torr\u0131cell\u0131: Barometreyi \u0130cat Eden Matematik\u00e7i\u00a0<\/a><\/li>\n<li><a href=\"http:\/\/www.uralakbulut.com.tr\/wp-content\/uploads\/2015\/05\/WILLIAM-GILBERT-ELEKTR\u0130KLE-\u0130LG\u0130L\u0130-\u0130LK-K\u0130TABI-YAZDI-04-N\u0130SAN-2015.pdf\" target=\"_blank\" rel=\"noopener noreferrer\">W\u0131ll\u0131am G\u0131lbert: Elektrikle \u0130lgili \u0130lk Kitab\u0131 Yazd\u0131<\/a><\/li>\n<li><a href=\"http:\/\/www.uralakbulut.com.tr\/wp-content\/uploads\/2015\/04\/MENDELEEV-K\u0130MYANIN-\u015e\u0130FRES\u0130N\u0130-PER\u0130YOD\u0130K-CETVELLE-\u00c7\u00d6ZD\u00dc-19-NISAN-2014-1.pdf\" target=\"_blank\" rel=\"noopener noreferrer\">Mendeleev: Kimyan\u0131n \u015eifresini Periyodik Cetvelle \u00c7\u00f6zd\u00fc\u00a0<\/a><\/li>\n<li><a href=\"http:\/\/www.uralakbulut.com.tr\/wp-content\/uploads\/2015\/04\/GALYUM-ELE-ALININCA-ER\u0130YEN-\u0130LG\u0130N\u00c7-METAL-13-N\u0130SAN-2015.pdf\" target=\"_blank\" rel=\"noopener noreferrer\">Galyum: Ele Al\u0131nca Eriyen \u0130lgin\u00e7 Metal\u00a0<\/a><\/li>\n<li><a href=\"http:\/\/www.uralakbulut.com.tr\/wp-content\/uploads\/2015\/04\/LED-I\u015eIK-YAYAN-D\u0130YOT-LAMBA-5-N\u0130SAN-2015.pdf\" target=\"_blank\" rel=\"noopener noreferrer\">Led: I\u015f\u0131k Yayan Diyot\u00a0<\/a><\/li>\n<li><a href=\"http:\/\/www.uralakbulut.com.tr\/wp-content\/uploads\/2015\/04\/SOKRATES-BATI-D\u00dcNYASI-NI-FELSEFEYLE-TANI\u015eTIRDI-28-MART-2015.pdf\" target=\"_blank\" rel=\"noopener noreferrer\">Sokrates: Bat\u0131 D\u00fcnyas\u0131n\u0131 Felsefeyle Tan\u0131\u015ft\u0131rd\u0131\u00a0<\/a><\/li>\n<li><a href=\"http:\/\/www.uralakbulut.com.tr\/wp-content\/uploads\/2015\/03\/AR\u0130STO-B\u0130L\u0130M-D\u00dcNYASINI-1800-YIL-BOYUNCA-ETK\u0130LED\u0130-16-MART-2015.pdf\" target=\"_blank\" rel=\"noopener noreferrer\">Aristo: Bilim D\u00fcnyas\u0131n\u0131 1800 Y\u0131l Boyunca Etkiledi<\/a><\/li>\n<li><a href=\"http:\/\/www.uralakbulut.com.tr\/wp-content\/uploads\/2015\/03\/HELYUM-DO\u011eADAK\u0130-EN-\u0130LG\u0130N\u00c7-GAZ-9-MART-2015.pdf\" target=\"_blank\" rel=\"noopener noreferrer\">Helyum: Do\u011fadaki En \u0130lgin\u00e7 Gaz\u00a0<\/a><\/li>\n<li><a href=\"http:\/\/www.uralakbulut.com.tr\/wp-content\/uploads\/2015\/03\/TELESKOP-EVREN\u0130N-SIRLARINI-\u00c7\u00d6ZMEM\u0130Z\u0130-SA\u011eLADI-7-MART-2015.pdf\" target=\"_blank\" rel=\"noopener noreferrer\">Teleskop: Evrenin S\u0131rlar\u0131n\u0131 \u00c7\u00f6zmemizi Sa\u011fl\u0131yor\u00a0<\/a><\/li>\n<li><a href=\"http:\/\/www.uralakbulut.com.tr\/wp-content\/uploads\/2015\/03\/KIMIZ-ORTA-ASYANIN-B\u0130NLERCE-YILLIK-\u0130\u00c7ECE\u011e\u0130-1-MART-2015.pdf\" target=\"_blank\" rel=\"noopener noreferrer\">K\u0131m\u0131z: Orta Asya\u2019n\u0131n Binlerce Y\u0131ll\u0131k \u0130\u00e7ece\u011fi<\/a><\/li>\n<li><a href=\"http:\/\/www.uralakbulut.com.tr\/wp-content\/uploads\/2015\/02\/JAPON-UZAY-ARACI-B\u0130R-ASTEREO\u0130TTEN-\u00d6RNEK-ALIP-D\u00d6ND\u00dc-22-\u015eUBAT-2015.pdf\" target=\"_blank\" rel=\"noopener noreferrer\">Japon Uzay Arac\u0131 Bir Asteroitten \u00d6rnek Al\u0131p D\u00f6nd\u00fc\u00a0<\/a><\/li>\n<li><a href=\"http:\/\/www.uralakbulut.com.tr\/wp-content\/uploads\/2015\/02\/EBOLA-SALGINI-AFR\u0130KA-DA-2013-TE-TEKRAR-ORTAYA-\u00c7IKTI-14-\u015eUBAT-2015.pdf\" target=\"_blank\" rel=\"noopener noreferrer\">Ebola Salg\u0131n\u0131: Afrika\u2019da 2013\u2019te Tekrar Ortaya \u00c7\u0131kt\u0131\u00a0<\/a><\/li>\n<li><a href=\"http:\/\/www.uralakbulut.com.tr\/wp-content\/uploads\/2015\/02\/HAMMURAB\u0130-K\u0130MD\u0130R-YASALARI-NELERD\u0130R-9-\u015eUBAT-2015.pdf\" target=\"_blank\" rel=\"noopener noreferrer\">Hammurabi Kimdir? Yasalar\u0131 Nelerdir?<\/a><\/li>\n<li><a href=\"http:\/\/www.uralakbulut.com.tr\/wp-content\/uploads\/2015\/02\/C\u00dcZZAM-TEDAV\u0130S\u0130-VAR-AMA-GE\u00c7M\u0130\u015eTE-\u00d6L\u00dcMC\u00dcLD\u00dc-2-\u015eUBAT-2015.pdf\" target=\"_blank\" rel=\"noopener noreferrer\">C\u00fczzam: Tedavisi Var Ama Ge\u00e7mi\u015fte \u00d6l\u00fcmc\u00fcld\u00fc\u00a0<\/a><\/li>\n<li><a href=\"http:\/\/www.uralakbulut.com.tr\/wp-content\/uploads\/2015\/01\/keman.pdf\" target=\"_blank\" rel=\"noopener noreferrer\">Keman = Stradivarius<\/a><\/li>\n<li><a href=\"http:\/\/www.uralakbulut.com.tr\/wp-content\/uploads\/2015\/01\/ROMA-HAMAMLARI-ARINMA-VE-SOSYLLE\u015eME-MEKANLARI-19-OCAK-2014.pdf\" target=\"_blank\" rel=\"noopener noreferrer\">Roma Hamamlar\u0131: Ar\u0131nma Ve Sosyalle\u015fme Mekanlar\u0131\u00a0<\/a><\/li>\n<li><a href=\"http:\/\/www.uralakbulut.com.tr\/wp-content\/uploads\/2015\/01\/FERMUAR-ASTRONOT-ELB\u0130SES\u0130NDEN-PLAST\u0130K-PO\u015eETE-KADAR-HER-YERDE-VAR-12-OCAK-2014.pdf\" target=\"_blank\" rel=\"noopener noreferrer\">Fermuar: Astronot Elbisesinden Plastik Po\u015fete Kadar Her Yerde Var<\/a><\/li>\n<li><a href=\"http:\/\/www.uralakbulut.com.tr\/wp-content\/uploads\/2015\/01\/\u00c7OCUK-FELC\u0130-B\u0130NLERCE-YIL-BOYUNCA-\u0130NSANLARA-ZARAR-VERD\u0130-30-ARALIK-2014.pdf\" target=\"_blank\" rel=\"noopener noreferrer\">\u00c7ocuk Felci Binlerce Y\u0131l Boyunca \u0130nsanlara Zarar Verdi<\/a><\/li>\n<li><a href=\"http:\/\/www.uralakbulut.com.tr\/wp-content\/uploads\/2014\/12\/2014-YILININ-EN-\u00d6NEML\u0130-B\u0130L\u0130MSEL-VE-TEKOLOJ\u0130K-BULU\u015eLARI-10-ARALIK-2014.pdf\" target=\"_blank\" rel=\"noopener noreferrer\">2014 Y\u0131l\u0131n\u0131n En \u00d6nemli Bilimsel Ve Teknolojik Bulu\u015flar\u0131\u00a0<\/a><\/li>\n<li><a href=\"http:\/\/www.uralakbulut.com.tr\/wp-content\/uploads\/2014\/12\/ELEKTR\u0130KL\u0130-S\u00dcP\u00dcRGE-\u0130LK-YILLARDA-EVE-SI\u011eMAZDI-22-ARALIK-2014-SON.pdf\" target=\"_blank\" rel=\"noopener noreferrer\">Elektrikli S\u00fcp\u00fcrge: \u0130lk Y\u0131llarda Eve S\u0131\u011fmazd\u0131\u00a0<\/a><\/li>\n<li><a href=\"http:\/\/www.uralakbulut.com.tr\/wp-content\/uploads\/2014\/12\/D\u00dcD\u00dcKL\u00dc-TENCERE-ZAMAN-VE-ENERJ\u0130-TASARRUFU-SA\u011eLADI-17-ARALIK-2014.pdf\" target=\"_blank\" rel=\"noopener noreferrer\">D\u00fcd\u00fckl\u00fc Tencere Zaman Ve Enerji Tasarrufu Sa\u011flad\u0131<\/a><\/li>\n<li><a href=\"http:\/\/www.uralakbulut.com.tr\/wp-content\/uploads\/2014\/12\/VEREM-ROMANT\u0130ZM-VE-SANATLA-\u0130LG\u0130L\u0130-SANILAN-HASTALIK-8-ARALIK-2014.pdf\" target=\"_blank\" rel=\"noopener noreferrer\">Verem: Sanatla \u0130lgili Oldu\u011fu San\u0131lan Hastal\u0131k\u00a0<\/a><\/li>\n<li><a href=\"http:\/\/www.uralakbulut.com.tr\/wp-content\/uploads\/2014\/12\/A\u015eI-1000-YIL-\u00d6NCE-\u00c7\u0130NL\u0130LER-TARAFINDAN-BULUNDU.pdf\" target=\"_blank\" rel=\"noopener noreferrer\">A\u015f\u0131 1000 Y\u0131l \u00d6nce \u00c7inliler Taraf\u0131ndan Bulundu\u00a0<\/a><\/li>\n<li><a href=\"http:\/\/www.uralakbulut.com.tr\/wp-content\/uploads\/2014\/11\/MOTOS\u0130KLET-\u0130LK-MODELLER\u0130-BUHARLA-\u00c7ALI\u015eIRDI-23-KASIM-2014.pdf\" target=\"_blank\" rel=\"noopener noreferrer\">Motosiklet: \u0130lk Modelleri Buharla \u00c7al\u0131\u015f\u0131rd\u0131\u00a0<\/a><\/li>\n<li><a href=\"http:\/\/www.uralakbulut.com.tr\/wp-content\/uploads\/2014\/11\/S\u00dcPER\u0130LETKENLER-TEKNOLOJ\u0130DE-DEVR\u0130M-YARATTI-17-KASIM-2014.pdf\" target=\"_blank\" rel=\"noopener noreferrer\">S\u00fcperiletkenler Teknolojide Devrim Yaratt\u0131\u00a0<\/a><\/li>\n<li><a href=\"http:\/\/www.uralakbulut.com.tr\/wp-content\/uploads\/2014\/11\/H\u0130ND\u0130STAN-IN-UYDUSU-\u0130LK-DENEMEDE-MARS-A-ULA\u015eTI-9-EK\u0130M-2014.pdf\" target=\"_blank\" rel=\"noopener noreferrer\">Hindistan\u2019\u0131n Uydusu \u0130lk Denemede Mars\u2019a Ula\u015ft\u0131\u00a0<\/a><\/li>\n<li><a href=\"http:\/\/www.uralakbulut.com.tr\/wp-content\/uploads\/2014\/11\/\u00c7\u0130N-UZAY-\u00c7ALI\u015eMALARI-60-LI-YILLARA-UZANIR-3-KASIM-2014.pdf\" target=\"_blank\" rel=\"noopener noreferrer\">\u00c7in\u2019in Uzay \u00c7al\u0131\u015fmalar\u0131 60\u2019l\u0131 Y\u0131llara Uzan\u0131r<\/a><\/li>\n<li><a href=\"http:\/\/www.uralakbulut.com.tr\/wp-content\/uploads\/2014\/10\/N\u00dcKLEER-DEN\u0130ZALTILAR-SU-ALTINDA-3-AYLIK-YA\u015eAM-25-EK\u0130M-2014.pdf\" target=\"_blank\" rel=\"noopener noreferrer\">N\u00fckleer Denizalt\u0131lar Ve Su Alt\u0131nda 3 Ayl\u0131k Ya\u015fam<\/a><\/li>\n<li><a href=\"http:\/\/www.uralakbulut.com.tr\/wp-content\/uploads\/2014\/10\/ANTONOV-An-225-Mriya-EN-B\u00dcY\u00dcK-U\u00c7AK-18-EK\u0130M-2014.pdf\" target=\"_blank\" rel=\"noopener noreferrer\">Antonov An-225 Mr\u0131ya: En B\u00fcy\u00fck U\u00e7ak (18 Ekim 2014)<\/a><\/li>\n<li><a href=\"http:\/\/www.uralakbulut.com.tr\/wp-content\/uploads\/2014\/10\/U\u00c7AK-GEM\u0130LER\u0130-I-D\u00dcNYA-SAVA\u015eI-NDA-ORTAYA-\u00c7IKTI-9-EK\u0130M-2014.pdf\" target=\"_blank\" rel=\"noopener noreferrer\">U\u00e7ak Gemileri I. D\u00fcnya Sava\u015f\u0131\u2019nda Ortaya \u00c7\u0131kt\u0131\u00a0<\/a><\/li>\n<li><a href=\"http:\/\/www.uralakbulut.com.tr\/wp-content\/uploads\/2014\/10\/D\u0130K\u0130\u015e-D\u0130KMEK-60-B\u0130N-YIL-\u00d6NCE-GEL\u0130\u015eT\u0130-6-EK\u0130M-2014.pdf\" target=\"_blank\" rel=\"noopener noreferrer\">Diki\u015f Dikmek 60 Bin Y\u0131l \u00d6nce Geli\u015fti\u00a0<\/a><\/li>\n<li><a href=\"http:\/\/www.uralakbulut.com.tr\/wp-content\/uploads\/2014\/10\/B\u0130TK\u0130SEL-\u0130LA\u00c7LAR-60-B\u0130N-YIL-\u00d6NCEYE-UZANIR-1-EK\u0130M-2014.pdf\" target=\"_blank\" rel=\"noopener noreferrer\">Bitkisel \u0130la\u00e7lar 60 Bin Y\u0131l \u00d6nceye Uzan\u0131r<\/a><\/li>\n<li><a href=\"http:\/\/www.uralakbulut.com.tr\/wp-content\/uploads\/2014\/09\/TRA\u015e-MAK\u0130NES\u0130NDEN-\u00d6NCE-NE-VARDI-15-Eyl\u00fcl-2014.pdf\" target=\"_blank\" rel=\"noopener noreferrer\">T\u0131ra\u015f Makinesinden \u00d6nce Ne Vard\u0131?<\/a><\/li>\n<li><a href=\"http:\/\/www.uralakbulut.com.tr\/wp-content\/uploads\/2014\/09\/KARBON-D\u0130OKS\u0130T-YA\u015eAMIN-TEMEL-MADDELER\u0130NDEN-B\u0130R\u0130-7-A\u011eUSTOS-2014.pdf\" target=\"_blank\" rel=\"noopener noreferrer\">Karbon Dioksit: Ya\u015fam\u0131n Temel Maddelerinden Biri<\/a><\/li>\n<li><a href=\"http:\/\/www.uralakbulut.com.tr\/wp-content\/uploads\/2014\/09\/KL\u0130MANIN-KE\u015eF\u0130-MODERNLE\u015eMEY\u0130-HIZLANDIRDI-1-EYL\u00dcL-2014.pdf\" target=\"_blank\" rel=\"noopener noreferrer\">Kliman\u0131n Ke\u015ffi, Modernle\u015fmeyi H\u0131zland\u0131rd\u0131<\/a><\/li>\n<li><a href=\"http:\/\/www.uralakbulut.com.tr\/wp-content\/uploads\/2014\/08\/K\u00d6M\u00dcR-ELEKT\u0130K-\u00dcRET\u0130M\u0130N\u0130N-ANA-ENERJ\u0130-KAYNA\u011eI-22-A\u011eUSTOS-2014.pdf\" target=\"_blank\" rel=\"noopener noreferrer\">K\u00f6m\u00fcr: Elektik \u00dcretiminin Ana Enerji Kayna\u011f\u0131<\/a><\/li>\n<li><a href=\"http:\/\/www.uralakbulut.com.tr\/wp-content\/uploads\/2014\/08\/PETROL\u00dc-S\u00dcMERLER-VE-BAB\u0130LL\u0130LER-DE-KULLANIRDI-18-A\u011eUSTOS-2014.pdf\" target=\"_blank\" rel=\"noopener noreferrer\">Petrol\u00fc S\u00fcmerler ve Babilliler de Kullan\u0131rd\u0131.<\/a><\/li>\n<li><a href=\"http:\/\/www.uralakbulut.com.tr\/wp-content\/uploads\/2014\/08\/K\u0130N\u0130N-KINAKINA-A\u011eACI-SITMA-\u0130LACI-C\u0130N-TON\u0130K-30-TEMMUZ-2014-2.pdf\" target=\"_blank\" rel=\"noopener noreferrer\">Kinin=K\u0131nak\u0131na A\u011fac\u0131=S\u0131tma \u0130lac\u0131=Cin Tonik<\/a><\/li>\n<li><a href=\"http:\/\/www.uralakbulut.com.tr\/wp-content\/uploads\/2014\/07\/\u00c7AY-HAYATIMIZA-NASIL-G\u0130RD\u0130-10-TEMMUZ-2014.pdf\" target=\"_blank\" rel=\"noopener noreferrer\">\u00c7ay Hayat\u0131m\u0131za Nas\u0131l Girdi<\/a>?<\/li>\n<li><a href=\"http:\/\/www.uralakbulut.com.tr\/wp-content\/uploads\/2014\/06\/P\u0130YANO-M\u00dcZ\u0130K-ALETLER\u0130N\u0130N-KRALI-OLARAK-ANILIR-15-HAZ\u0130RAN-2014.pdf\" target=\"_blank\" rel=\"noopener noreferrer\">Piyano: Tek Ba\u015f\u0131na Bir Orkestra\u00a0<\/a><\/li>\n<li><a href=\"http:\/\/www.uralakbulut.com.tr\/wp-content\/uploads\/2014\/06\/KAHVE-D\u00dcNYAYA-OSMANLI-D\u00d6NEM\u0130NDE-YAYILDI-16-HAZ\u0130RAN-2014-TAR\u0130HTE-BUG\u00dcN-EKL\u0130.pdf\" target=\"_blank\" rel=\"noopener noreferrer\">Kahve D\u00fcnyaya Osmanl\u0131 D\u00f6neminde Yay\u0131ld\u0131\u00a0<\/a><\/li>\n<li><a href=\"http:\/\/www.uralakbulut.com.tr\/wp-content\/uploads\/2014\/06\/BARAJLAR-4500-YILDIR-\u00dcLKELER\u0130N-GEL\u0130\u015eMES\u0130NE-HIZ-KATIYOR-18-MAYIS-2013.pdf\" target=\"_blank\" rel=\"noopener noreferrer\">Barajlar 4500 Y\u0131ld\u0131r \u00dclkelerin Geli\u015fmesine H\u0131z Kat\u0131yor<\/a><\/li>\n<li><a href=\"http:\/\/www.uralakbulut.com.tr\/wp-content\/uploads\/2014\/05\/S\u0130NEMA-\u0130LK-S\u0130NEMA-MAK\u0130NELER\u0130NDEN-B\u0130R\u0130-\u0130STANBUL-DAYDI-30-MAYIS-2014.pdf\" target=\"_blank\" rel=\"noopener noreferrer\">Sinema: \u0130lk Sinema Makinelerinden Biri \u0130stanbul\u2019dayd\u0131\u00a0<\/a><\/li>\n<li><a href=\"http:\/\/www.uralakbulut.com.tr\/wp-content\/uploads\/2014\/05\/ROBOTLAR-3000-YILLIK-HAYAL\u0130N-\u00dcR\u00dcNLER\u0130-7MAYIS-2014.pdf\" target=\"_blank\" rel=\"noopener noreferrer\">Robotlar: 3000 Y\u0131ll\u0131k Hayalin \u00dcr\u00fcnleri\u00a0<\/a><\/li>\n<li><a href=\"http:\/\/www.uralakbulut.com.tr\/wp-content\/uploads\/2014\/05\/S\u0130L\u0130KON-G\u00dcNL\u00dcK-HAYATIN-HER-ALANINDA-YER-ALIYOR-26-N\u0130SAN-2014.pdf\" target=\"_blank\" rel=\"noopener noreferrer\">Silikon G\u00fcnl\u00fck Hayat\u0131n Her Alan\u0131nda Yer Al\u0131yor<\/a><\/li>\n<li><a href=\"http:\/\/www.uralakbulut.com.tr\/wp-content\/uploads\/2014\/04\/G\u0130TAR-\u0130LK-\u00d6RNE\u011e\u0130N\u0130-3300-YIL-\u00d6NCE-H\u0130T\u0130TLER-KULLANDI-19-N\u0130SAN-2014.pdf\" target=\"_blank\" rel=\"noopener noreferrer\">Gitar: \u0130lk \u00d6rne\u011fini 3300 Y\u0131l \u00d6nce Hititler Kulland\u0131\u00a0<\/a><\/li>\n<li><a href=\"http:\/\/www.uralakbulut.com.tr\/wp-content\/uploads\/2014\/04\/\u0130\u015e\u0130TME-C\u0130HAZLARI-400-YILDA-M\u00dcKEMMEL-HALE-GELD\u0130.pdf\" target=\"_blank\" rel=\"noopener noreferrer\">\u0130\u015fitme Cihazlar\u0131 400 Y\u0131lda M\u00fckemmel Hale Geldi<\/a><\/li>\n<li><a href=\"http:\/\/www.uralakbulut.com.tr\/wp-content\/uploads\/2014\/04\/KAPI-K\u0130L\u0130D\u0130-4000-YIL-\u00d6NCE-ORTAYA-\u00c7IKTI-7-N\u0130SAN-2014.pdf\" target=\"_blank\" rel=\"noopener noreferrer\">Kap\u0131 Kilidi 4000 Y\u0131l \u00d6nce Ortaya \u00c7\u0131kt\u0131\u00a0<\/a><\/li>\n<li><a href=\"http:\/\/www.uralakbulut.com.tr\/wp-content\/uploads\/2014\/04\/DEN\u0130ZALTI-TORP\u0130DO-ATAN-\u0130LK-MODEL\u0130-OSMANLI-DONANMASI-ALDI-2-N\u0130SAN-2014.pdf\" target=\"_blank\" rel=\"noopener noreferrer\">Denizalt\u0131\u2019n\u0131n Torpido Atan \u0130lk Modelini Osmanl\u0131 Donanmas\u0131 Ald\u0131<\/a>.<\/li>\n<li><a href=\"http:\/\/www.uralakbulut.com.tr\/wp-content\/uploads\/2014\/03\/SANDALYE-N\u0130N-4000-YILLIK-\u00d6YK\u00dcS\u00dc-24-MART-2014.pdf\" target=\"_blank\" rel=\"noopener noreferrer\">Sandalyenin 4000 Y\u0131ll\u0131k \u00d6yk\u00fcs\u00fc\u00a0<\/a><\/li>\n<li><a href=\"http:\/\/www.uralakbulut.com.tr\/wp-content\/uploads\/2014\/03\/KUR\u015eUN-METAL\u0130-\u0130LK-KEZ-\u00c7ATALH\u00d6Y\u00dcK-TE-KULLANILDI-18-MART-2014.pdf\" target=\"_blank\" rel=\"noopener noreferrer\">Kur\u015fun Metali \u0130lk Kez \u00c7atalh\u00f6y\u00fck\u2019te Kullan\u0131ld\u0131<\/a><\/li>\n<li><a href=\"http:\/\/www.uralakbulut.com.tr\/wp-content\/uploads\/2014\/03\/\u00c7\u0130KOLATA-AZTEK-\u0130MPARATORU-MONTEZUMA-NIN-\u0130\u00c7ECE\u011e\u0130.pdf\" target=\"_blank\" rel=\"noopener noreferrer\">\u00c7ikolata: Aztek \u0130mparatoru Montezuma\u2019n\u0131n \u0130\u00e7ece\u011fi\u00a0<\/a><\/li>\n<li><a href=\"http:\/\/www.uralakbulut.com.tr\/wp-content\/uploads\/2014\/03\/TRANS\u0130ST\u00d6R\u00dcN-AMPUL-\u0130LE-\u0130LG\u0130S\u0130-NE.pdf\" target=\"_blank\" rel=\"noopener noreferrer\">Transist\u00f6r\u00fcn Ampul \u0130le \u0130lgisi Ne?\u00a0<\/a><\/li>\n<li><a href=\"http:\/\/www.uralakbulut.com.tr\/wp-content\/uploads\/2014\/03\/FOTO\u011eRAFIN-200-YILLIK-SER\u00dcVEN\u0130.pdf\" target=\"_blank\" rel=\"noopener noreferrer\">Foto\u011fraf\u0131n 200 Y\u0131ll\u0131k Ser\u00fcveni\u00a0<\/a><\/li>\n<li><a href=\"http:\/\/www.uralakbulut.com.tr\/wp-content\/uploads\/2014\/02\/ECZACILIK-S\u00dcMERLERLE-BA\u015eLADI.pdf\" target=\"_blank\" rel=\"noopener noreferrer\">Eczac\u0131l\u0131k S\u00fcmerlerle Ba\u015flad\u0131<\/a><\/li>\n<li><a href=\"http:\/\/www.uralakbulut.com.tr\/wp-content\/uploads\/2014\/02\/VelespitKo\u015fu-MakinesiH\u0131zl\u0131-AyakZ\u00fcppe-At\u0131Bisiklet-.pdf\" target=\"_blank\" rel=\"noopener noreferrer\">Velespit=Ko\u015fu Makinesi=H\u0131zl\u0131 Ayak=Z\u00fcppe At\u0131=Bisiklet\u00a0<\/a><\/li>\n<li><a href=\"http:\/\/www.uralakbulut.com.tr\/wp-content\/uploads\/2014\/02\/Su-Ve-Kanalizasyon-Sistemi-Mezopotamya\u2019dan-Anadolu\u2019ya.pdf\" target=\"_blank\" rel=\"noopener noreferrer\">Su ve Kanalizasyon Sistemi: Mezopotamya\u2019dan Anadolu\u2019ya<\/a><\/li>\n<li><a href=\"http:\/\/www.uralakbulut.com.tr\/wp-content\/uploads\/2014\/02\/Seramik-Askerlerin-2200-Y\u0131ld\u0131r-Korudu\u011fu-\u0130mparator.pdf\" target=\"_blank\" rel=\"noopener noreferrer\">Seramik Askerlerin 2200 Y\u0131ld\u0131r Korudu\u011fu \u0130mparator<\/a><\/li>\n<li><a href=\"http:\/\/www.uralakbulut.com.tr\/wp-content\/uploads\/2014\/01\/G\u00f6kdelenler_\u0130n\u015faat_Tekni\u011finde_Devrim_Yaratt\u0131.pdf\" target=\"_blank\" rel=\"noopener noreferrer\">G\u00f6kdelenler \u0130n\u015faat Tekni\u011finde Devrim Yaratt\u0131<\/a><\/li>\n<li><a href=\"http:\/\/www.uralakbulut.com.tr\/wp-content\/uploads\/2014\/01\/Civa_Tarih_Boyunca_Efsanelere_Konu_Olan_Sivi_Metal.pdf\" target=\"_blank\" rel=\"noopener noreferrer\">Civa: Tarih Boyunca Efsanelere Konu Olan S\u0131v\u0131\u00a0Metal<\/a><\/li>\n<li><a href=\"http:\/\/www.uralakbulut.com.tr\/wp-content\/uploads\/2014\/01\/Polyester-Kumas_Fiberglas_Tekne_Ve_Pet_Sisenin_Ortak_Noktas\u0131_Ne.pdf\" target=\"_blank\" rel=\"noopener noreferrer\">Polyester Kuma\u015f, Fiberglas Tekne ve Pet \u015ei\u015fenin Ortak Noktas\u0131 Ne?<\/a><\/li>\n<li><a href=\"http:\/\/www.uralakbulut.com.tr\/wp-content\/uploads\/2014\/01\/Gokdelen_Yarisi_4500-Yildir_Suruyor.pdf\" target=\"_blank\" rel=\"noopener noreferrer\">G\u00f6kdelen Yar\u0131\u015f\u0131 4500 Y\u0131ld\u0131r S\u00fcr\u00fcyor.<\/a><\/li>\n<li><a href=\"http:\/\/www.uralakbulut.com.tr\/wp-content\/uploads\/2014\/01\/2013_Yilinin_En_Onemli_10_Bilimsel_Ve_Tekolojik_Bulusu.pdf\" target=\"_blank\" rel=\"noopener noreferrer\">2013 Y\u0131l\u0131n\u0131n En \u00d6nemli 10 Bilimsel ve Teknolojik Bulu\u015fu<\/a><\/li>\n<li><a href=\"http:\/\/www.uralakbulut.com.tr\/wp-content\/uploads\/2014\/01\/Higgs_Bozonu_1964\u2019te_Reddedildi_2013_Nobel_Getirdi.pdf\" target=\"_blank\" rel=\"noopener noreferrer\">Higgs Bozonu 1964&#8217;te Reddedilde 2013 Nobel Getirdi<\/a>.<\/li>\n<li><a href=\"http:\/\/www.uralakbulut.com.tr\/wp-content\/uploads\/2014\/01\/Firat\u2019in_Altindan_4000_Yil_Once_Tunel_Acan_Babilliler.pdf\" target=\"_blank\" rel=\"noopener noreferrer\">F\u0131rat&#8217;\u0131n Alt\u0131ndan 4000 Y\u0131l Once Tunel A\u00e7an Babiller<\/a><\/li>\n<li><a href=\"http:\/\/www.uralakbulut.com.tr\/wp-content\/uploads\/2014\/01\/Uranyum_Zenginle\u015ftirme_Ve_\u0130ran_Sorunu.pdf\" target=\"_blank\" rel=\"noopener noreferrer\">Uranyum Zenginle\u015ftirme ve \u0130ran Sorunu<\/a><\/li>\n<li><a href=\"http:\/\/www.uralakbulut.com.tr\/wp-content\/uploads\/2014\/01\/Kimyasal_Silahlari_Imha-Etmek_Kolay_Degil.pdf\">Kimyasa Silahlar\u0131 \u0130mha Etmek Kolay De\u011fil<\/a><\/li>\n<li><a href=\"http:\/\/www.uralakbulut.com.tr\/wp-content\/uploads\/2014\/01\/Plastikler_Yasamin_Ayrilmaz_Parcasi_Ancak.pdf\" target=\"_blank\" rel=\"noopener noreferrer\">Plastikler Ya\u015fam\u0131n Ayr\u0131lmaz Par\u00e7as\u0131 Ancak&#8230;<\/a><\/li>\n<li><a href=\"http:\/\/www.uralakbulut.com.tr\/wp-content\/uploads\/2014\/01\/Plastik_Banknotlar_Kagittan_Daha_Dayanikli.pdf\" target=\"_blank\" rel=\"noopener noreferrer\">Plastik Banknotlar Ka\u011f\u0131tlar Daha Dayan\u0131kl\u0131<\/a><\/li>\n<li><a href=\"http:\/\/www.uralakbulut.com.tr\/wp-content\/uploads\/2013\/10\/kimyasal_silahlar.pdf\" target=\"_blank\" rel=\"noopener noreferrer\">Kimyasal Silahlar Yasakland\u0131 Ama\u2026<\/a><\/li>\n<li><a href=\"http:\/\/www.uralakbulut.com.tr\/wp-content\/uploads\/2014\/01\/Doping_2700_Y\u0131ll\u0131k_Kotu_Al\u0131\u015fkanl\u0131k.pdf\" target=\"_blank\" rel=\"noopener noreferrer\">Doping: 2700 Y\u0131ll\u0131k K\u00f6t\u00fc Al\u0131\u015fkanl\u0131k<\/a><\/li>\n<li><a href=\"http:\/\/www.uralakbulut.com.tr\/wp-content\/uploads\/2014\/02\/Mor_Boya_Binlerce_Y\u0131l_Yaln\u0131zca_Krallar\u0131n_Rengiydi.pdf\" target=\"_blank\" rel=\"noopener noreferrer\">Mor Boya: Binlerce Y\u0131l yaln\u0131zca Krallar\u0131n Rengiydi<\/a><\/li>\n<li><a href=\"http:\/\/www.uralakbulut.com.tr\/wp-content\/uploads\/2013\/10\/vitaminler.pdf\" target=\"_blank\" rel=\"noopener noreferrer\">Vitaminler 100 Y\u0131l \u00d6ncesine Kadar Bilinmezdi<\/a><\/li>\n<li><a href=\"http:\/\/www.uralakbulut.com.tr\/wp-content\/uploads\/2013\/10\/uyusturucu.pdf\" target=\"_blank\" rel=\"noopener noreferrer\">Uyu\u015fturucu: 10 Bin Y\u0131ll\u0131k Bir Sorun<\/a><\/li>\n<li><a href=\"http:\/\/www.uralakbulut.com.tr\/wp-content\/uploads\/2013\/10\/telgraf.pdf\" target=\"_blank\" rel=\"noopener noreferrer\">S.Morse\u2019a Telgraf\u0131n Patentini I. Abd\u00fclmecit mi Verdi?<\/a><\/li>\n<li><a href=\"http:\/\/www.uralakbulut.com.tr\/wp-content\/uploads\/2013\/10\/metal_teknolojisi.pdf\" target=\"_blank\" rel=\"noopener noreferrer\">Metal Teknolojisinin Geli\u015fmesinde Anadolu\u2019nun Rol\u00fc<\/a><\/li>\n<li><a href=\"http:\/\/www.uralakbulut.com.tr\/wp-content\/uploads\/2013\/10\/amerika.pdf\" target=\"_blank\" rel=\"noopener noreferrer\">Amerika\u2019n\u0131n Ke\u015ffi Avrupa\u2019y\u0131 A\u00e7l\u0131ktan Kurtard\u0131<\/a><\/li>\n<li><a href=\"http:\/\/www.uralakbulut.com.tr\/wp-content\/uploads\/2013\/10\/aspirin.pdf\" target=\"_blank\" rel=\"noopener noreferrer\">Aspirin: D\u00fcnyada En \u00c7ok Kullan\u0131lan \u0130la\u00e7<\/a><\/li>\n<li><a href=\"http:\/\/www.uralakbulut.com.tr\/wp-content\/uploads\/2014\/08\/\u0130YOT-G\u0130B\u0130-A\u00c7I\u011eA-\u00c7IKMAK-23-TEMMUZ-2013.pdf\" target=\"_blank\" rel=\"noopener noreferrer\">\u0130yot=Guatr, Tent\u00fcrdiyot, A\u00e7\u0131\u011fa \u00c7\u0131kmak&#8230;<\/a><\/li>\n<li><a href=\"http:\/\/www.uralakbulut.com.tr\/wp-content\/uploads\/2013\/07\/elektrikli_otomobiller.pdf\">Elektrikli Otomobiller 100 Y\u0131l \u00d6nce \u00c7ok Pop\u00fclerdi<\/a><\/li>\n<li><a href=\"http:\/\/www.uralakbulut.com.tr\/wp-content\/uploads\/2013\/07\/dis_hekimligi.pdf\">Di\u015f Hekimli\u011fi D\u00fcnyan\u0131n En Eski Mesleklerinden Biridir<\/a><\/li>\n<li><a href=\"http:\/\/www.uralakbulut.com.tr\/wp-content\/uploads\/2013\/07\/tuz.pdf\">Tuz, Ge\u00e7mi\u015fte Alt\u0131n Kadar De\u011ferliydi<\/a><\/li>\n<li><a href=\"http:\/\/www.uralakbulut.com.tr\/wp-content\/uploads\/2013\/07\/kus_gubresi.pdf\">Ku\u015f G\u00fcbresi: \u00dclkelerin Sava\u015fmas\u0131na Neden Olmu\u015ftu<\/a><\/li>\n<li><a href=\"http:\/\/www.uralakbulut.com.tr\/wp-content\/uploads\/2013\/07\/trinitrogliserin.pdf\">Trinitrogliserin = Dinamit = Trinitrin = Kalp \u0130lac\u0131<\/a><\/li>\n<li><a href=\"http:\/\/www.uralakbulut.com.tr\/wp-content\/uploads\/2013\/07\/seluloz.pdf\">Odun Sel\u00fclozu: Enerji ve A\u00e7l\u0131k Sorununu \u00c7\u00f6zer Mi?<\/a><\/li>\n<li><a href=\"http:\/\/www.uralakbulut.com.tr\/wp-content\/uploads\/2013\/07\/selofan.pdf\">Selofan: Odundan \u00dcretilen Do\u011fa Dostu \u015eeffaf Film<\/a><\/li>\n<li><a href=\"http:\/\/www.uralakbulut.com.tr\/wp-content\/uploads\/2013\/07\/odun_lifleri.pdf\">Odun Liflerinden \u00dcretilen \u0130lk Plastik: Nitrosel\u00fcloz<\/a><\/li>\n<li><a href=\"http:\/\/www.uralakbulut.com.tr\/wp-content\/uploads\/2013\/07\/boyalar_350_yildir_biliniyor.pdf\">Boyalar 350 Bin Y\u0131ld\u0131r Biliniyor<\/a><\/li>\n<li><a href=\"http:\/\/www.uralakbulut.com.tr\/wp-content\/uploads\/2013\/07\/c_vitamini.pdf\">C Vitamini Eksikli\u011fi Ge\u00e7mi\u015fte \u00d6l\u00fcmlere Neden Oldu<\/a><\/li>\n<li><a href=\"http:\/\/www.uralakbulut.com.tr\/wp-content\/uploads\/2013\/07\/carl_sagan.pdf\">Carl Sagan: Pop\u00fcler Bilimin Efsane \u0130smi<\/a><\/li>\n<li><a href=\"http:\/\/www.uralakbulut.com.tr\/wp-content\/uploads\/2013\/04\/galilelo_uzay_araci.pdf\" target=\"_blank\" rel=\"noopener noreferrer\">Galileo Uzay Arac\u0131: J\u00fcpiter&#8217;i Bize Yak\u0131ndan Tan\u0131tt\u0131\u00a0<\/a><\/li>\n<li><a href=\"http:\/\/www.uralakbulut.com.tr\/wp-content\/uploads\/2013\/04\/fenol.pdf\" target=\"_blank\" rel=\"noopener noreferrer\">Fenol: Hayat Kurtaran \u0130lgin\u00e7 Antiseptik<\/a><\/li>\n<li><a href=\"http:\/\/www.uralakbulut.com.tr\/wp-content\/uploads\/2013\/04\/simya_kimya.pdf\" target=\"_blank\" rel=\"noopener noreferrer\">\u201cSimya\u201ddan Modern Kimyaya Ge\u00e7i\u015f<\/a><\/li>\n<li><a href=\"http:\/\/www.uralakbulut.com.tr\/wp-content\/uploads\/2013\/04\/astronomi_bilimi.pdf\" target=\"_blank\" rel=\"noopener noreferrer\">Astronomi Bilimini S\u00fcmerler ve Babilliler Geli\u015ftirdi<\/a><\/li>\n<li><a href=\"http:\/\/www.uralakbulut.com.tr\/wp-content\/uploads\/2014\/08\/D\u00dcNYANIN-\u00c7EVRES\u0130-2000-YIL-\u00d6NCE-NASIL-HESAPLANDI-4-MART-2013.pdf\" target=\"_blank\" rel=\"noopener noreferrer\">D\u00fcnya&#8217;n\u0131n \u00c7evresi 2200 Y\u0131l \u00d6nce Nas\u0131l Hesapland\u0131?<\/a><\/li>\n<li><a href=\"http:\/\/www.uralakbulut.com.tr\/wp-content\/uploads\/2014\/08\/UZAYDAK\u0130-ASTRONOTLARIN-G\u00dcNL\u00dcK-YA\u015eAMI-\u015eUBAT-26-2013.pdf\" target=\"_blank\" rel=\"noopener noreferrer\">Uzaydaki Astronotlar\u0131n G\u00fcnl\u00fck Ya\u015fam\u0131<\/a><\/li>\n<li><a href=\"http:\/\/www.uralakbulut.com.tr\/wp-content\/uploads\/2013\/04\/hubble.pdf\" target=\"_blank\" rel=\"noopener noreferrer\">Hubble Uzay Teleskobu: Evren Foto\u011fraf\u00e7\u0131s\u0131<\/a><\/li>\n<li><a href=\"http:\/\/www.uralakbulut.com.tr\/wp-content\/uploads\/2013\/03\/uzay_istasyonlari.pdf\" target=\"_blank\" rel=\"noopener noreferrer\">Uzay \u0130stasyonlar\u0131n\u0131 \u0130lk Kez Ruslar Kurdu<\/a><\/li>\n<li><a href=\"http:\/\/www.uralakbulut.com.tr\/wp-content\/uploads\/2013\/03\/london_eye.pdf\" target=\"_blank\" rel=\"noopener noreferrer\">London Eye D\u00f6nme Dolab\u0131 Teknoloji Harikas\u0131 Yapt\u0131<\/a><\/li>\n<li><a href=\"http:\/\/www.uralakbulut.com.tr\/wp-content\/uploads\/2013\/03\/sigla_yagi.pdf\" target=\"_blank\" rel=\"noopener noreferrer\">Plastiklerin Ke\u015ffinde S\u0131\u011fla Ya\u011f\u0131n\u0131n Rol\u00fc<\/a><\/li>\n<li><a href=\"http:\/\/www.uralakbulut.com.tr\/wp-content\/uploads\/2013\/02\/harita.pdf\" target=\"_blank\" rel=\"noopener noreferrer\">Harite \u0130lk Kez Anadolu\u2019da Yap\u0131ld\u0131<\/a><\/li>\n<li><a href=\"http:\/\/www.uralakbulut.com.tr\/wp-content\/uploads\/2013\/02\/balmumutablet.pdf\" target=\"_blank\" rel=\"noopener noreferrer\">Bal Mumlu Yaz\u0131 Tabletlerinin En Eskisi Ka\u015f\u2019ta \u00c7\u0131kt\u0131<\/a><\/li>\n<li><a href=\"http:\/\/www.uralakbulut.com.tr\/wp-content\/uploads\/2013\/02\/camasirmakineleri.pdf\" target=\"_blank\" rel=\"noopener noreferrer\">\u00c7ama\u015f\u0131r Makineleri 1800\u2019lerde Elle \u00c7al\u0131\u015f\u0131rd\u0131<\/a><\/li>\n<li><a href=\"http:\/\/www.uralakbulut.com.tr\/wp-content\/uploads\/2013\/02\/veba.pdf\" target=\"_blank\" rel=\"noopener noreferrer\">Veba Salg\u0131n\u0131 Orta\u00e7a\u011f\u2019da Avrupa\u2019y\u0131 Yok Edecekti<\/a><\/li>\n<li><a href=\"http:\/\/www.uralakbulut.com.tr\/wp-content\/uploads\/2013\/01\/ekg.pdf\" target=\"_blank\" rel=\"noopener noreferrer\">Elektrokardiyografi Hollanda&#8217;da Geli\u015ftirildi<\/a><\/li>\n<li><a href=\"http:\/\/www.uralakbulut.com.tr\/wp-content\/uploads\/2013\/01\/2012_yili_onemli_buluslar.pdf\" target=\"_blank\" rel=\"noopener noreferrer\">2012 Y\u0131l\u0131n\u0131n \u00d6nemli Bilimsel Bulu\u015flar\u0131<\/a><\/li>\n<li><a href=\"http:\/\/www.uralakbulut.com.tr\/wp-content\/uploads\/2013\/01\/bagisiklik_sistemi.pdf\" target=\"_blank\" rel=\"noopener noreferrer\">Ba\u011f\u0131\u015f\u0131kl\u0131k Sistemimiz G\u00fc\u00e7l\u00fc Bir Bilgisayar Gibi \u00c7al\u0131\u015f\u0131r<\/a><\/li>\n<li><a href=\"http:\/\/www.uralakbulut.com.tr\/wp-content\/uploads\/2012\/12\/buzdolabi.pdf\" target=\"_blank\" rel=\"noopener noreferrer\">Buzdolab\u0131 Ne Zaman ve Nas\u0131l Ke\u015ffedildi?<\/a><\/li>\n<li><a href=\"http:\/\/www.uralakbulut.com.tr\/wp-content\/uploads\/2012\/12\/dizustupc.pdf\" target=\"_blank\" rel=\"noopener noreferrer\">Diz\u00fcst\u00fc Bilgisayar: Ya\u015fam\u0131n Ayr\u0131lmaz Par\u00e7as\u0131<\/a><\/li>\n<li><a href=\"http:\/\/www.uralakbulut.com.tr\/wp-content\/uploads\/2012\/12\/parfum.pdf\" target=\"_blank\" rel=\"noopener noreferrer\">Parf\u00fcm 4000 Y\u0131l \u00d6nce S\u00fcmerler Taraf\u0131ndan Geli\u015ftirildi<\/a><\/li>\n<li><a href=\"http:\/\/www.uralakbulut.com.tr\/wp-content\/uploads\/2012\/12\/babbage.pdf\" target=\"_blank\" rel=\"noopener noreferrer\">Charles Babbage \u0130lk bilgisayar\u0131 Tasarlad\u0131 Ama Bitiremedi<\/a><\/li>\n<li><a href=\"http:\/\/www.uralakbulut.com.tr\/wp-content\/uploads\/2012\/12\/parasut.pdf\" target=\"_blank\" rel=\"noopener noreferrer\">Para\u015f\u00fct Yapma Fikri 2000 Y\u0131l \u00d6ncesine Uzan\u0131r<\/a><\/li>\n<li><a href=\"http:\/\/www.uralakbulut.com.tr\/wp-content\/uploads\/2012\/12\/sandy.pdf\" target=\"_blank\" rel=\"noopener noreferrer\">Sandy Kas\u0131rgas\u0131 Nedir? Kas\u0131rgalar Nas\u0131l Olu\u015fuyor?<\/a><\/li>\n<li><a href=\"http:\/\/www.uralakbulut.com.tr\/wp-content\/uploads\/2012\/12\/gauss.pdf\" target=\"_blank\" rel=\"noopener noreferrer\">Gauss: En B\u00fcy\u00fck Matematik\u00e7i<\/a><\/li>\n<li><a href=\"http:\/\/www.uralakbulut.com.tr\/wp-content\/uploads\/2012\/12\/pascal.pdf\" target=\"_blank\" rel=\"noopener noreferrer\">\u0130lk Mekanik Hesap Makinesini Pascal \u0130cat Etti<\/a><\/li>\n<li><a href=\"http:\/\/www.uralakbulut.com.tr\/wp-content\/uploads\/2012\/12\/parmakizi.pdf\" target=\"_blank\" rel=\"noopener noreferrer\">Parmak \u0130zi Ne Zaman Kullan\u0131lmaya Ba\u015fland\u0131?<\/a><\/li>\n<li><a href=\"http:\/\/www.uralakbulut.com.tr\/wp-content\/uploads\/2012\/12\/aluminyum.pdf\" target=\"_blank\" rel=\"noopener noreferrer\">Al\u00fcminyum Ge\u00e7mi\u015fte Alt\u0131ndan Daha De\u011ferliydi<\/a><\/li>\n<li><a href=\"http:\/\/www.uralakbulut.com.tr\/wp-content\/uploads\/2012\/12\/cimeto.pdf\" target=\"_blank\" rel=\"noopener noreferrer\">\u00c7imento ve Betonun Tarih i\u00e7inde Geli\u015fimi<\/a><\/li>\n<li><a href=\"http:\/\/www.uralakbulut.com.tr\/wp-content\/uploads\/2012\/12\/yapayzeka.pdf\" target=\"_blank\" rel=\"noopener noreferrer\">Yapay Zeka Bilim Dal\u0131&#8217;n\u0131n Atas\u0131: John McCARTHY<\/a><\/li>\n<li><a href=\"http:\/\/www.uralakbulut.com.tr\/wp-content\/uploads\/2012\/12\/sumerler.pdf\" target=\"_blank\" rel=\"noopener noreferrer\">E\u011fitim S\u00fcmerler Yaz\u0131y\u0131 Bulunca Ba\u015flad\u0131<\/a><\/li>\n<li><a href=\"http:\/\/www.uralakbulut.com.tr\/wp-content\/uploads\/2012\/12\/catalhoyuk.pdf\" target=\"_blank\" rel=\"noopener noreferrer\">James Mellaart \u00c7atalh\u00f6y\u00fck&#8217;\u00fc Buldu, Tarih De\u011fi\u015fti<\/a><\/li>\n<li><a href=\"http:\/\/www.uralakbulut.com.tr\/wp-content\/uploads\/2012\/12\/google.pdf\" target=\"_blank\" rel=\"noopener noreferrer\">Google: \u0130ki \u00d6\u011frenciyi Milyarder Yapan Fikir<\/a><\/li>\n<li><a href=\"http:\/\/www.uralakbulut.com.tr\/wp-content\/uploads\/2012\/12\/tekerlekliaraba.pdf\" target=\"_blank\" rel=\"noopener noreferrer\">Tekerlekli Arabay\u0131 S\u00fcmerler 5000 Y\u0131l \u00d6nce Buldu<\/a><\/li>\n<li><a href=\"http:\/\/www.uralakbulut.com.tr\/wp-content\/uploads\/2012\/12\/kursunkalem.pdf\" target=\"_blank\" rel=\"noopener noreferrer\">Kur\u015fun Kalemde Kur\u015fun Yoksa Ne Var?<\/a><\/li>\n<li><a href=\"http:\/\/www.uralakbulut.com.tr\/wp-content\/uploads\/2009\/11\/CERN-NED\u0130R-NE-ZAMAN-VE-N\u0130\u00c7\u0130N-KURULDU-A\u011eUSTOS-2012.pdf\">Cern Nedir? Ne Zaman ve Ne \u0130\u00e7in Kuruldu?<\/a><\/li>\n<li><a href=\"http:\/\/www.uralakbulut.com.tr\/wp-content\/uploads\/2009\/11\/HEL\u0130KOPTER\u0130N-F\u0130K\u0130R-BABABASI-DA-V\u0130NC\u0130-DE\u011e\u0130L-\u00c7\u0130NL\u0130LER-TEM-2012.pdf\">Helikopterin Fikir Babas\u0131 Da Vinci De\u011fil, \u00c7inliler<\/a><\/li>\n<li><a href=\"http:\/\/www.uralakbulut.com.tr\/wp-content\/uploads\/2009\/11\/KONTES-ADA-LOVELACE-\u0130LK-KADIN-B\u0130LG\u0130SAYARCI-TEM-2012.pdf\">Kontes Ada Lovelace: \u0130lk Kad\u0131n Bilgisayarc\u0131<\/a><\/li>\n<li><a href=\"http:\/\/www.uralakbulut.com.tr\/wp-content\/uploads\/2009\/11\/MA\u011eARA-RES\u0130MLER\u0130-40-B\u0130N-YIL-\u00d6NCES\u0130NDEN-B\u0130ZE-ULA\u015eTI-TEMMUZ-2012.pdf\">Ma\u011fara Resimleri 40 Bin Y\u0131l \u00d6ncesinden Bize Ula\u015ft\u0131<\/a><\/li>\n<li><a href=\"http:\/\/www.uralakbulut.com.tr\/wp-content\/uploads\/2009\/11\/KARAYOLLARI-\u0130LK-KEZ-MEZOPOTAMYA-DA-GEL\u0130\u015eT\u0130-Haz2012.pdf\">Karayollar\u0131 \u0130lk Kez Mezopotamya&#8217;da Geli\u015fti<\/a><\/li>\n<li><a href=\"http:\/\/www.uralakbulut.com.tr\/wp-content\/uploads\/2009\/11\/M\u00dcZ\u0130K-ALETLER\u0130-40-B\u0130N-YIL-\u00d6NCES\u0130NE-DAYANIYOR-HAZ\u0130RAN-2012.pdf\">M\u00fczik Aletleri 40 Bin Y\u0131l \u00d6ncesine Dayan\u0131yor<\/a><\/li>\n<li><a href=\"http:\/\/www.uralakbulut.com.tr\/wp-content\/uploads\/2016\/07\/DAKT\u0130LONUN-KE\u015eF\u0130-HABERLE\u015eMEDE-DEVR\u0130M-YARATTI-N\u0130SAN-2012.pdf\" target=\"_blank\" rel=\"noopener noreferrer\">Daktilonun Ke\u015ffi Haberle\u015fmede Devrim Yaratt\u0131\u00a0<\/a><\/li>\n<li><a href=\"http:\/\/www.uralakbulut.com.tr\/wp-content\/uploads\/2009\/11\/AYNA-\u0130LK-KEZ-8000-YIL-\u00d6NCE-ANADOLUDA-YAPILDI-Haziran-2012.pdf\">Ayna \u0130lk Kez 8000 Y\u0131l \u00d6nce Anadolu&#8217;da Yap\u0131ldu<\/a><\/li>\n<li><a href=\"http:\/\/www.uralakbulut.com.tr\/wp-content\/uploads\/2009\/11\/DER\u0130-TABAKLAMANIN-SIRLARINI-S\u00dcMERLERDEN-\u00d6\u011eREND\u0130K-MAYIS-2012.pdf\">Deri Tabaklaman\u0131n S\u0131rlar\u0131n\u0131 S\u00fcmerlerden \u00d6\u011frendik<\/a><\/li>\n<li><a href=\"http:\/\/www.uralakbulut.com.tr\/wp-content\/uploads\/2009\/11\/G\u00d6ZL\u00dcK-B\u0130R-\u0130TALYAN-BULU\u015eUDUR-HAZ\u0130RAN-2012.pdf\">G\u00f6zl\u00fck bir \u0130talyan Bulu\u015fudur<\/a><\/li>\n<li><a href=\"http:\/\/www.uralakbulut.com.tr\/wp-content\/uploads\/2009\/11\/U-2-CASUS-U\u00c7A\u011eI-60-LARIN-TEKNOLOJ\u0130-EFSANES\u0130YD\u0130-MAYIS-2012.pdf\">U2 Casus U\u00e7a\u011f\u0131 60&#8217;lar\u0131n Teknoloji Efsanesiydi<\/a><\/li>\n<li><a href=\"http:\/\/www.uralakbulut.com.tr\/wp-content\/uploads\/2009\/11\/Stephen-Hawking-K\u0131p\u0131rdayam\u0131yor-ama-Evren-Uzman\u0131.pdf\">Stephen Hawking K\u0131p\u0131rdayam\u0131yor ama Evren Uzman\u0131<\/a><\/li>\n<li><a href=\"http:\/\/www.uralakbulut.com.tr\/wp-content\/uploads\/2009\/11\/SABUN-S\u00dcMERLER-DEN-BER\u0130-B\u0130L\u0130N\u0130YOR-N\u0130SAN-2012.pdf\">Sabun S\u00fcmerler&#8217;den Beri Biliniyor<\/a><\/li>\n<li><a href=\"http:\/\/www.uralakbulut.com.tr\/wp-content\/uploads\/2009\/11\/EL-HAREZM\u0130-CEB\u0130R\u0130N-ATASIDI1MART-2012.pdf\">El Harezmi Cebirin Atas\u0131d\u0131r<\/a><\/li>\n<li><a href=\"http:\/\/www.uralakbulut.com.tr\/wp-content\/uploads\/2009\/11\/UZAYDAK\u0130-\u0130LK-UYDU-SPUTN\u0130K-D\u00dcNYANIN-DENGES\u0130N\u0130-BOZDU-MART-2012.pdf\">Uzaydaki \u0130lk Uydu Sputnik, D\u00fcnyan\u0131n Dengesini Bozdu<\/a><\/li>\n<li><a href=\"http:\/\/www.uralakbulut.com.tr\/wp-content\/uploads\/2009\/11\/ALAN-TURING-BILGISAYARIN-ATASI-MART-2012.pdf\">Alan Turing: Bilgisayar\u0131n Atas\u0131<\/a><\/li>\n<li><a href=\"http:\/\/www.uralakbulut.com.tr\/wp-content\/uploads\/2016\/08\/B\u0130LL-GATES-\u00c7OCUK-YA\u015eTA-YAZILIM-PATRONU-OLDU-OCAK-2012.pdf\" target=\"_blank\" rel=\"noopener noreferrer\">Bill Gates: \u00c7ocuk Ya\u015fta Yaz\u0131l\u0131m Patronu Oldu<\/a><\/li>\n<li><a href=\"http:\/\/www.uralakbulut.com.tr\/wp-content\/uploads\/2009\/11\/ORGAN-NAKL\u0130-ELL\u0130-YIL-\u00d6NCES\u0130NE-KADAR-B\u0130R-HAYALD\u0130-MART-2012.pdf\">Organ Nakli Elli Y\u0131l \u00d6ncesine Kadar Bir Hayaldi<\/a><\/li>\n<li><a href=\"http:\/\/www.uralakbulut.com.tr\/wp-content\/uploads\/2009\/11\/G\u00dcNE\u015e-P\u0130LLER\u0130-GELECE\u011e\u0130N-ENERJ\u0130-KAYNA\u011eI-\u015eUBAT-2011.pdf\">G\u00fcne\u015f Pilleri Gelece\u011fin Enerji Kayna\u011f\u0131<\/a><\/li>\n<li><a href=\"http:\/\/www.uralakbulut.com.tr\/wp-content\/uploads\/2009\/11\/eBAY-U\u00c7AKTAN-KIRIK-KALEME-KADAR-HER-\u015eEY\u0130-SATIYOR-SUBAT-2012.pdf\">eBAY U\u00e7aktan K\u0131r\u0131k Kaleme Kadar Her\u015feyi Sat\u0131yor<\/a><\/li>\n<li><a href=\"http:\/\/www.uralakbulut.com.tr\/wp-content\/uploads\/2009\/11\/WIKIPEDIA-ANS\u0130KLOPED\u0130LER\u0130-RAFTAN-\u0130ND\u0130RTT\u0130-\u015eUBAT-2012.pdf\">Wikipedia: Ansiklopedileri Raftan \u0130ndirtti<\/a><\/li>\n<li><a href=\"http:\/\/www.uralakbulut.com.tr\/wp-content\/uploads\/2009\/11\/\u00c7\u0130N-MALI-DEY\u0130P-GE\u00c7MEY\u0130N-\u00c7OK-\u015eEY\u0130-\u00c7\u0130N-DEN-\u00d6\u011eREND\u0130K-OCAK-2012.pdf\">\u00c7in Mal\u0131 Deyip Ge\u00e7meyin, \u00c7ok \u015eeyi \u00c7in&#8217;den \u00d6\u011frendik<\/a><\/li>\n<li><a href=\"http:\/\/www.uralakbulut.com.tr\/wp-content\/uploads\/2009\/11\/SAAT\u0130N-TAR\u0130H\u00c7ES\u0130-OCAK-2012.pdf\">Saatin Tarih\u00e7esi<\/a><\/li>\n<li><a href=\"http:\/\/www.uralakbulut.com.tr\/wp-content\/uploads\/2016\/03\/H\u0130T\u0130TLER-\u0130N-VARLI\u011eI-TESAD\u00dcFEN-KE\u015eFED\u0130LD\u0130-A\u011eUSTOS-2011.pdf\" target=\"_blank\" rel=\"noopener noreferrer\">Hititler\u2019in Varl\u0131\u011f\u0131 Tesad\u00fcfen Ke\u015ffedildi<\/a><\/li>\n<li><a href=\"http:\/\/www.uralakbulut.com.tr\/wp-content\/uploads\/2009\/11\/2011-YILININ-\u00d6NEML\u0130-B\u0130L\u0130MSEL-BULU\u015eLARI-OCAK-2012.pdf\">2011 Y\u0131l\u0131n\u0131n \u00d6nemli Bilimsel Bulu\u015flar\u0131<\/a><\/li>\n<li><a href=\"http:\/\/www.uralakbulut.com.tr\/wp-content\/uploads\/2018\/05\/ATOMUN-YAPISININ-A\u00c7IKLANI\u015eININ-100.doc22\u015eUBAT2011.pdf\" target=\"_blank\" rel=\"noopener noreferrer\">Atomun Yap\u0131s\u0131n\u0131n A\u00e7\u0131klan\u0131\u015f\u0131n\u0131n 100. Y\u0131l\u0131 Ve Lord Rutherford<\/a><\/li>\n<li><a href=\"http:\/\/www.uralakbulut.com.tr\/wp-content\/uploads\/2014\/06\/CAB\u0130R-B\u0130N-HAYYAN-AVRUPAYA-K\u0130MYA-\u00d6\u011eRETEN-AL\u0130M.pdf\" target=\"_blank\" rel=\"noopener noreferrer\">Cabir Bin Hayyan: Avrupa\u2019ya Kimya \u00d6\u011freten Alim<\/a><\/li>\n<li><a href=\"http:\/\/www.uralakbulut.com.tr\/wp-content\/uploads\/2009\/11\/PARANIN-HAYATIMIZA-G\u0130R\u0130\u015e\u0130-EK\u0130M-2011.pdf\">Paran\u0131n Hayat\u0131m\u0131za Giri\u015fi<\/a><\/li>\n<li><a href=\"http:\/\/www.uralakbulut.com.tr\/wp-content\/uploads\/2009\/11\/INTERNET-D\u00dcNYANIN-G\u0130D\u0130\u015e\u0130N\u0130-NASIL-DE\u011e\u0130\u015eT\u0130RD\u0130-OCAK-2011.pdf\">Internet D\u00fcnyan\u0131n Gidi\u015fini Nas\u0131l De\u011fi\u015ftirdi?<\/a><\/li>\n<li><a href=\"http:\/\/www.uralakbulut.com.tr\/wp-content\/uploads\/2009\/11\/G\u00dcNE\u015e-ENERJ\u0130S\u0130YLE-U\u00c7AN-U\u00c7AK-SOLAR-IMPULS1-ARALIK-2011.pdf\">G\u00fcne\u015f Enerjisiyle U\u00e7an U\u00e7ak Solar Impulse<\/a><\/li>\n<li><a href=\"http:\/\/www.uralakbulut.com.tr\/wp-content\/uploads\/2009\/11\/B\u0130NLERCE-YILLIK-B\u0130R-ALI\u015eKANLIK-SAKIZ-\u00c7\u0130\u011eNEMEK-aral\u0131k-2011.pdf\">Binlerce Y\u0131ll\u0131k Bir Al\u0131\u015fkanl\u0131k Sak\u0131z \u00c7i\u011fnemek<\/a><\/li>\n<li><a href=\"http:\/\/www.uralakbulut.com.tr\/wp-content\/uploads\/2009\/11\/U\u00c7AK-TASARIMCISI-B-RUTAN-TUR\u0130ST\u0130K-UZAY-ARACI-YAPTI.docKASIM-2011.pdf\">U\u00e7ak Tasar\u0131mc\u0131s\u0131 B. Rutan Turistik Uzay Arac\u0131 Yapt\u0131<\/a><\/li>\n<li><a href=\"http:\/\/www.uralakbulut.com.tr\/wp-content\/uploads\/2009\/11\/PLAST\u0130K-YOLCU-U\u00c7A\u011eI-GER\u00c7EKTEN-PLAST\u0130K-M\u0130.doc2011-EK\u0130M.pdf\">Plastik Yolcu U\u00e7a\u011f\u0131 Ger\u00e7ekten Plastik mi?<\/a><\/li>\n<li><a href=\"http:\/\/www.uralakbulut.com.tr\/wp-content\/uploads\/2009\/11\/U\u00c7AKLAR-NASIL-U\u00c7UYOR-ARALIK-2011.pdf\">U\u00e7aklar Nas\u0131l U\u00e7uyor<\/a><\/li>\n<li><a href=\"http:\/\/www.uralakbulut.com.tr\/wp-content\/uploads\/2009\/11\/MATBAAYI-GUTENBERG-DE\u011e\u0130L-\u00c7\u0130NL\u0130LER-KE\u015eFETT\u0130.docKASIM-2011.pdf\">Matbaay\u0131 Gutenberg De\u011fil \u00c7inliler Ke\u015ffetti<\/a><\/li>\n<li><a href=\"http:\/\/www.uralakbulut.com.tr\/wp-content\/uploads\/2009\/11\/CEP-TELEFONU-HAYATIMIZA-NASIL-G\u0130RD\u0130.EYL\u00dcL-2011-Sondoc.pdf\">Cep Telefonu Hayat\u0131m\u0131za Nas\u0131l Girdi<\/a><\/li>\n<li><a href=\"http:\/\/www.uralakbulut.com.tr\/wp-content\/uploads\/2009\/11\/RADYONUN-MUC\u0130D\u0130-MARCON\u0130-DE\u011e\u0130L-M\u0130.A\u011eUSTOS-2011.pdf\">Radyonun Mucidi Marconi de\u011fil mi?<\/a><\/li>\n<li><a href=\"http:\/\/www.uralakbulut.com.tr\/wp-content\/uploads\/2009\/11\/B\u0130LG\u0130SAYARIN-KE\u015eF\u0130NDE-DOKUMA-TEZGAHININ-ROLU-A\u011eUSTOS-2011.pdf\">Bilgisayar\u0131n Ke\u015ffinde Dokuma Tezgah\u0131n\u0131n Rol\u00fc<\/a><\/li>\n<li><a href=\"http:\/\/www.uralakbulut.com.tr\/wp-content\/uploads\/2009\/11\/SANAY\u0130-DEVR\u0130M\u0130-D\u00dcNYANIN-G\u0130D\u0130\u015e\u0130N\u0130-DE\u011e\u0130\u015eT\u0130RD\u0130-HAZ\u0130RAN-2011.pdf\">Sanayi Devrimi D\u00fcnyan\u0131n Gidi\u015fini De\u011fi\u015ftirdi<\/a><\/li>\n<li><a href=\"http:\/\/www.uralakbulut.com.tr\/wp-content\/uploads\/2009\/11\/B\u0130LG\u0130SAYARDAN-\u00d6NCE-PARMAK-HESABI-VARDI-A\u011eUSTOS-2011.pdf\">Bilgisayardan \u00d6nce Parmak Hesab\u0131 Vard\u0131<\/a><\/li>\n<li><a href=\"http:\/\/www.uralakbulut.com.tr\/wp-content\/uploads\/2009\/11\/BOSTON-B\u0130L\u0130M-TEKNOLOJ\u0130-VE-\u00dcN\u0130VERS\u0130TELER-KENT\u0130-SON-2011-TEMMUZ.pdf\">Boston: Bilim Teknoloji ve \u00dcniversiteler Kenti<\/a><\/li>\n<li><a href=\"http:\/\/www.uralakbulut.com.tr\/wp-content\/uploads\/2009\/11\/BUHARLI-TREN-\u0130LK-\u015eEH\u0130RLER-ARASI-RAYLI-TA\u015eIMA-ARACI-TEMMUZ-2011.pdf\">Buharl\u0131 Tren &#8211; \u0130lk \u015eehirler Aras\u0131 Rayl\u0131 Ta\u015f\u0131ma Arac\u0131<\/a><\/li>\n<li><a href=\"http:\/\/www.uralakbulut.com.tr\/wp-content\/uploads\/2009\/11\/TERZAGH\u0130-SA\u011eLAM-ZEM\u0130NE-B\u0130NA-YAPMAYI-D\u00dcNYAYA-\u00d6\u011eRETT\u0130.HAZ\u0130RAN-2011.pdf\">Terzaghi Sa\u011flam Zemine Bina Yapmay\u0131 D\u00fcnyaya \u00d6\u011fretti<\/a><\/li>\n<li><a href=\"http:\/\/www.uralakbulut.com.tr\/wp-content\/uploads\/2014\/08\/TRAMVAY-VE-TAR\u0130HTE-\u0130LK-RAYLI-S\u0130STEMLER.docHAZ\u0130RAN-2011.pdf\">Tramvay ve Tarihte \u0130lk Rayl\u0131 Sistemler<\/a><\/li>\n<li><a href=\"http:\/\/www.uralakbulut.com.tr\/wp-content\/uploads\/2009\/11\/D\u00dcD\u00dcKL\u00dc-TENCEREDEN-BUHAR-MAK\u0130NES\u0130NE.docMAYIS-2011.pdf\">D\u00fcd\u00fckl\u00fc Tencereden Buhar Makinesine<\/a><\/li>\n<li><a href=\"http:\/\/www.uralakbulut.com.tr\/wp-content\/uploads\/2009\/11\/NEWTONUN-YER-\u00c7EK\u0130M\u0130-DI\u015eINDAK\u0130-BULU\u015eLAR1.docMAYIS-2011.pdf\">Newton&#8217;un Yer \u00c7ekimi D\u0131\u015f\u0131ndaki Bulu\u015flar\u0131<\/a><\/li>\n<li><a href=\"http:\/\/www.uralakbulut.com.tr\/wp-content\/uploads\/2009\/11\/\u015e\u0130FRE-HAYATIMIZA-NE-ZAMAN-VE-NASIL-G\u0130RD\u0130.docMAYIS2011.pdf\">\u015eifre Hayat\u0131m\u0131za Ne Zaman ve Nas\u0131l Girdi<\/a><\/li>\n<li><a href=\"http:\/\/www.uralakbulut.com.tr\/wp-content\/uploads\/2009\/11\/ALBERT-EINSTEIN-DAH\u0130LER-DE-\u0130NSANDI1.doc6MYIS2011.pdf\">Albert Einstein &#8211; Dahiler de \u0130nsand\u0131<\/a><\/li>\n<li><a href=\"http:\/\/www.uralakbulut.com.tr\/wp-content\/uploads\/2009\/11\/ED\u0130SON-VE-\u0130CATLAR1.docMAYIS2011.pdf\">Edison ve \u0130catlar\u0131<\/a><\/li>\n<li><a href=\"http:\/\/www.uralakbulut.com.tr\/wp-content\/uploads\/2015\/03\/GAL\u0130LEN\u0130N-YA\u015eAMINI-DE\u011e\u0130\u015eT\u0130REN-TELESKOP9ARALIK2010.pdf\" target=\"_blank\" rel=\"noopener noreferrer\">Galile\u2019nin Ya\u015famini De\u011fi\u015ftiren Teleskop<\/a><\/li>\n<li><a href=\"http:\/\/www.uralakbulut.com.tr\/wp-content\/uploads\/2009\/11\/RAKAMLAR-10000-YILDA-GEL\u0130\u015eT\u0130.pdf\">Rakamlar 10000 Y\u0131lda Geli\u015fti<\/a><\/li>\n<li><a href=\"http:\/\/www.uralakbulut.com.tr\/wp-content\/uploads\/2009\/11\/hiyeroglif.pdf\">Hiyeroglif Yaz\u0131s\u0131n\u0131n \u015eifresini \u00c7\u00f6zen &#8220;Rosetta Ta\u015f\u0131&#8221;<\/a><\/li>\n<li><a href=\"http:\/\/www.uralakbulut.com.tr\/wp-content\/uploads\/2009\/11\/ibnisina.pdf\">\u0130bn-i Sina: Doktorlar\u0131n Doktoru<\/a><\/li>\n<li><a href=\"http:\/\/www.uralakbulut.com.tr\/wp-content\/uploads\/2009\/11\/N\u00dcKLEER-SANTRALLER-ATOM-BOMBASI-G\u0130B\u0130-PATLAMAZ.docMART-2011.pdf\">N\u00fckleer Santraller Atom Bombas\u0131 Gibi Patlamaz<\/a><\/li>\n<li><a href=\"http:\/\/www.uralakbulut.com.tr\/wp-content\/uploads\/2009\/11\/KADIN-VE-B\u0130L\u0130M.docTEKNOLOJ\u0130-MART2011.pdf\" target=\"_blank\" rel=\"noopener noreferrer\">Kad\u0131n ve Bilim-Teknoloji<\/a><\/li>\n<li><a href=\"http:\/\/www.uralakbulut.com.tr\/wp-content\/uploads\/2009\/11\/K\u0130BR\u0130T\u0130N-TESAD\u00dcFEN-KE\u015eF\u0130-VE-K\u0130BR\u0130T\u00c7\u0130-KIZLA1.docMART2011.pdf\">Kibritin Tesad\u00fcfen Ke\u015ffi ve Kibrit\u00e7i K\u0131zlar<\/a><\/li>\n<li><a href=\"http:\/\/www.uralakbulut.com.tr\/wp-content\/uploads\/2009\/11\/OYUNCU-HEDY-LAMARR-VE-B\u0130LG\u0130SAYARCI-KADIN-AM\u0130RAL.MART2011.pdf\">Oyuncu HEDY LAMARR ve Bilgisayarc\u0131 Kad\u0131n Amiral<\/a><\/li>\n<li><a href=\"http:\/\/www.uralakbulut.com.tr\/wp-content\/uploads\/2009\/11\/MRI.doc\u0130LKMANYET\u0130K-REZONANS-G\u00d6R\u00dcNT\u00dcLEMEY\u0130BA\u015eARAN-K\u0130MYACI\u015eUBAT2011.pdf\">MRI: \u0130lk Manyetik Rezonans G\u00f6r\u00fcnt\u00fclemeyi Ba\u015faran Kimyac\u0131<\/a><\/li>\n<li><a href=\"http:\/\/www.uralakbulut.com.tr\/wp-content\/uploads\/2009\/11\/DNA-NED\u0130R.docNASIL-KA\u015eFED\u0130LD\u0130-\u015eUBAT15-2010.pdf\">DNA Nedir? Nas\u0131l Ke\u015ffedildi?<\/a><\/li>\n<li><a href=\"http:\/\/www.uralakbulut.com.tr\/wp-content\/uploads\/2009\/11\/PEN\u0130S\u0130L\u0130N.docD\u00dcNYANIN-\u0130LK-ANT\u0130B\u0130YOT\u0130\u011e\u0130N\u0130NKE\u015eF\u0130-\u015eUBAT2010.pdf\">Penisilin &#8211; D\u00fcnyan\u0131n \u0130lk Antibiyoti\u011finin Ke\u015ffi<\/a><\/li>\n<li><a href=\"http:\/\/www.uralakbulut.com.tr\/wp-content\/uploads\/2009\/11\/APPLE.dociPHONaD\u00d6N\u00dc\u015e\u00dcM\u00dc\u015eUBAT2011.pdf\">Apple&#8217;\u0131n Iphone&#8217;a D\u00f6n\u00fc\u015f\u00fcm\u00fc<\/a><\/li>\n<li><a href=\"http:\/\/www.uralakbulut.com.tr\/wp-content\/uploads\/2009\/11\/EMIL-FISCHER.NOBEL1902-4OCAK2010.pdf\">Emil Fischer Nobel 1902<\/a><\/li>\n<li><a href=\"http:\/\/www.uralakbulut.com.tr\/wp-content\/uploads\/2009\/11\/APPLE-B\u0130LG\u0130SAYARI-\u0130CAT-EDEN-TEKN\u0130SYEN.docOCAK2011.pdf\">Apple Bilgisayar\u0131 \u0130cat Eden Teknisyen<\/a><\/li>\n<li><a href=\"http:\/\/www.uralakbulut.com.tr\/wp-content\/uploads\/2015\/10\/OTOMOB\u0130L\u0130-HENRY-FORD-MU-\u0130CAT-ETT\u0130-22-EYL\u00dcL-2011-FINAL-2015.pdf\" target=\"_blank\" rel=\"noopener noreferrer\">Otomobili Henry Ford Mu \u0130cat Etti?\u00a0<\/a><\/li>\n<li><a href=\"http:\/\/www.uralakbulut.com.tr\/wp-content\/uploads\/2015\/10\/PREDATOR-NED\u0130R-NEYE-YARAR-1-EYL\u00dcL-2011-II-SON-KOPYA.pdf\" target=\"_blank\" rel=\"noopener noreferrer\">Predator Nedir? Neye Yarar?<\/a><\/li>\n<li><a href=\"http:\/\/www.uralakbulut.com.tr\/wp-content\/uploads\/2009\/11\/NOBEL-K\u0130MD\u0130R-NOBEL-\u00d6D\u00dcL\u00dc-NED\u01301.doc30ARALIK.pdf\">Nobel Kimdir? Nobel \u00d6d\u00fcl\u00fc Nedir?<\/a><\/li>\n<li><a href=\"http:\/\/www.uralakbulut.com.tr\/wp-content\/uploads\/2009\/11\/MADAM-CURIE-VE-2011-K\u0130MYA-YILI.doc5OCAK2011.pdf\">Madam Curie ve 2011 Kimya Y\u0131l\u0131<\/a><\/li>\n<li><a href=\"http:\/\/www.uralakbulut.com.tr\/wp-content\/uploads\/2009\/11\/D\u00dcNYANIN-YA\u015eI-NE-ZAMAN-VE-NASIL-HESAPLAND1.21ARALIK2010.pdf\">D\u00fcnyan\u0131n Ya\u015f\u0131 Ne Zaman ve Nas\u0131l Hesapland\u0131<\/a><\/li>\n<li><a href=\"http:\/\/www.uralakbulut.com.tr\/wp-content\/uploads\/2009\/11\/G\u00dcNE\u015e-VE-YILDIZLARI-TANIYALIM.14ARALIK2010.pdf\">G\u00fcne\u015f ve Y\u0131ld\u0131zlar\u0131 Tan\u0131yal\u0131m<\/a><\/li>\n<li><a href=\"http:\/\/www.uralakbulut.com.tr\/wp-content\/uploads\/2009\/11\/N\u00dcKLEER-ENERJ\u0130-KAR\u015eITI-TOPLUMSAL-HAREKETLE1.12KASIM2010.pdf\">N\u00fckleer Enerji Kar\u015f\u0131t\u0131 Toplumsal Hareketler<\/a><\/li>\n<li><a href=\"http:\/\/www.uralakbulut.com.tr\/wp-content\/uploads\/2009\/11\/KOM\u015eU-GEZEGENLER\u0130-TANIYALIM.KASIM2010.pdf\">Kom\u015fu Gezegenleri Tan\u0131yal\u0131m<\/a><\/li>\n<li><a href=\"http:\/\/www.uralakbulut.com.tr\/wp-content\/uploads\/2009\/11\/N\u00dcKLEER-SANTRALLE1.10KASIM2010.pdf\">N\u00fckleer Santraller<\/a><\/li>\n<li><a href=\"http:\/\/www.uralakbulut.com.tr\/wp-content\/uploads\/2009\/11\/ATOM-\u00c7A\u011eI-VE-SO\u011eUK-SAVA\u015e-NED\u0130R.pdf\">Atom \u00c7a\u011f\u0131 ve So\u011fuk Sava\u015f Nedir<\/a><\/li>\n<li><a href=\"http:\/\/www.uralakbulut.com.tr\/wp-content\/uploads\/2009\/11\/LK-ATOM-BOMBASINI-\u00dcRETEN-\u00dc\u00c7-G\u0130ZL\u0130-\u015eEH\u0130R.25EK\u0130M-2010.pdf\">\u0130lk Atom Bombas\u0131n\u0131 \u00dcreten \u00dc\u00e7 Gizli \u015eehir<\/a><\/li>\n<li><a href=\"http:\/\/www.uralakbulut.com.tr\/wp-content\/uploads\/2009\/11\/radyoaktivite.pdf\">Radyoaktivite Nedir? Nas\u0131l Ke\u015ffedildi?<\/a><\/li>\n<li><a href=\"http:\/\/www.uralakbulut.com.tr\/wp-content\/uploads\/2010\/10\/atom-bombasi.pdf\">Atom Bombas\u0131 Nas\u0131l Yap\u0131ld\u0131?<\/a><\/li>\n<li><a href=\"http:\/\/www.uralakbulut.com.tr\/wp-content\/uploads\/2009\/11\/bilim.pdf\">Bilim Diplomasisi ne Demek? Bilim El\u00e7isi ne Yapar?<\/a><\/li>\n<li><a href=\"http:\/\/www.uralakbulut.com.tr\/wp-content\/uploads\/2009\/11\/ROKETLER-UZAYDA-NASIL-U\u00c7UYO1.27EYLUL2010.pdf\">Roketler Uzayda Nas\u0131l U\u00e7uyor<\/a><\/li>\n<li><a href=\"http:\/\/www.uralakbulut.com.tr\/wp-content\/uploads\/2009\/11\/RUSYA-UZAY-YARI\u015eINI-NASIL-KAYBETT\u0130.21EYLUL2010.pdf\">Rusya Uzay Yar\u0131\u015f\u0131n\u0131 Nas\u0131l Kaybetti<\/a><\/li>\n<li><a href=\"http:\/\/www.uralakbulut.com.tr\/wp-content\/uploads\/2009\/11\/ALTIN-NEDEN-\u00c7OK-DE\u011eERL\u0130.EYLUL2010.pdf\">Alt\u0131n Neden \u00c7ok De\u011ferli<\/a><\/li>\n<li><a href=\"http:\/\/www.uralakbulut.com.tr\/wp-content\/uploads\/2009\/11\/UZAY-ELB\u0130SELER\u0130-NORMAL-KUMA\u015eTAN-MI-YAPILIYO14EYLUL2010.pdf\">Uzay Elbiseleri Normal Kuma\u015ftan m\u0131 Yap\u0131l\u0131yor?<\/a><\/li>\n<li><a href=\"http:\/\/www.uralakbulut.com.tr\/wp-content\/uploads\/2009\/11\/cam-nedir.pdf\">Cam Nedir? Nas\u0131l ve Ne Zaman Ke\u015ffedildi?<\/a><\/li>\n<li><a href=\"http:\/\/www.uralakbulut.com.tr\/wp-content\/uploads\/2009\/11\/anestezi.pdf\">Anestezinin 6000 Y\u0131ll\u0131k Maceras\u0131<\/a><\/li>\n<li><a href=\"http:\/\/www.uralakbulut.com.tr\/wp-content\/uploads\/2009\/11\/KALP-P\u0130L\u0130.pdf\">Kalp Pili Sadece Bir Pil mi? De\u011filse Nedir?<\/a><\/li>\n<li><a href=\"http:\/\/www.uralakbulut.com.tr\/wp-content\/uploads\/2009\/11\/50.-YILINDA-LAZER.pdf\">50. Y\u0131l\u0131nda Lazer<\/a><\/li>\n<li><a href=\"http:\/\/www.uralakbulut.com.tr\/wp-content\/uploads\/2009\/11\/EDISON-DEGILSE-ELEKTRIGI-KIM-BULDU.pdf\">Edison De\u011filse, Elektri\u011fi Kim Buldu?<\/a><\/li>\n<li><a href=\"http:\/\/www.uralakbulut.com.tr\/wp-content\/uploads\/2009\/11\/NAYLON-TORBALAR.pdf\">Naylon Torbalar Naylon mu? De\u011filse Naylon Nedir?<\/a><\/li>\n<li><a href=\"http:\/\/www.uralakbulut.com.tr\/wp-content\/uploads\/2009\/11\/TAR\u0130H-\u0130\u00c7\u0130NDE-\u015eEKER-VE-SUN\u0130-TATLANDIRICILAR.pdf\">Tarih \u0130\u00e7inde \u015eeker ve Suni Tatland\u0131r\u0131c\u0131lar<\/a><\/li>\n<li><a href=\"http:\/\/www.uralakbulut.com.tr\/wp-content\/uploads\/2009\/11\/RADAR-VE-M\u0130KRODALGA-FIRININ-BULUNU\u015eU.pdf\">Radar ve Mikrodalga F\u0131r\u0131n\u0131n Bulunu\u015fu<\/a><\/li>\n<li><a href=\"http:\/\/www.uralakbulut.com.tr\/wp-content\/uploads\/2009\/11\/JAPON-YAPI\u015eTIRICI-VE-POST-IT-NASIL-BULUNDU.pdf\">Japon Yap\u0131\u015ft\u0131r\u0131c\u0131 ve Post- It Nas\u0131l Bulundu<\/a><\/li>\n<li><a href=\"http:\/\/www.uralakbulut.com.tr\/wp-content\/uploads\/2009\/11\/TEFLON-NASIL-KESFEDILDI.doc-15-Hqaziran.pdf\">Teflon Nas\u0131l Ke\u015ffedildi ve Mutfa\u011f\u0131m\u0131za Nas\u0131l Girdi?<\/a><\/li>\n<li><a href=\"http:\/\/www.uralakbulut.com.tr\/wp-content\/uploads\/2009\/11\/BILIM-VE-TEKNOLOJI-D\u00dcNYASINDAN-ILGIN\u00c7-OLAYLAR.pdf\">Bilim ve Teknoloji D\u00fcnyas\u0131ndan \u0130lgin\u00e7 Olaylar<\/a><\/li>\n<li><a href=\"http:\/\/www.uralakbulut.com.tr\/wp-content\/uploads\/2009\/11\/BILIM-VE-TEKNOLOJI-D\u00dc-2-R\u00d6NTGEN.pdf\">X I\u015f\u0131nlar\u0131 ve Tart\u0131\u015fmal\u0131 \u0130lk Nobel \u00d6d\u00fcl\u00fc<\/a><\/li>\n<\/ul>\n<\/td>\n<\/tr>\n<\/tbody>\n<\/table>\n","protected":false},"excerpt":{"rendered":"<p>\u00dcN\u0130VERS\u0130TE SIRALAMALARI \u00dcniversiteler Z Ku\u015fa\u011f\u0131n\u0131 \u0130yi Yeti\u015ftirmeli\u00a0 \u00dcniversitelerimiz E\u011fitim Ve Ara\u015ft\u0131rmada Yeni Devrimlere Haz\u0131r Olmal\u0131? URAP 2015-2016 D\u00fcnya S\u0131ralamas\u0131 Bas\u0131n A\u00e7\u0131klamas\u0131 \u00dcniversite S\u0131ralamalar\u0131n\u0131n Toplumdaki Etkileri\u00a0 \u00dcniversite Se\u00e7erken Adaylar Nelere Dikkat Etmeli? \u00a0 \u00dcniversitelerimizin 23 Bilim ...<\/p>\n","protected":false},"author":1,"featured_media":0,"comment_status":"closed","ping_status":"closed","sticky":false,"template":"","format":"standard","meta":{"footnotes":""},"categories":[3],"tags":[],"class_list":["post-33","post","type-post","status-publish","format-standard","hentry","category-uncategorized-tr"],"yoast_head":"<!-- This site is optimized with the Yoast SEO plugin v17.8 - https:\/\/yoast.com\/wordpress\/plugins\/seo\/ -->\n<title>Yazilar - Ural Akbulut<\/title>\n<meta name=\"robots\" content=\"index, follow, max-snippet:-1, max-image-preview:large, max-video-preview:-1\" \/>\n<link rel=\"canonical\" href=\"https:\/\/uralakbulut.com.tr\/?p=33&#038;lang=tr\" \/>\n<meta property=\"og:locale\" content=\"en_US\" \/>\n<meta property=\"og:type\" content=\"article\" \/>\n<meta property=\"og:title\" content=\"Yazilar - Ural Akbulut\" \/>\n<meta property=\"og:description\" content=\"\u00dcN\u0130VERS\u0130TE SIRALAMALARI \u00dcniversiteler Z Ku\u015fa\u011f\u0131n\u0131 \u0130yi Yeti\u015ftirmeli\u00a0 \u00dcniversitelerimiz E\u011fitim Ve Ara\u015ft\u0131rmada Yeni Devrimlere Haz\u0131r Olmal\u0131? URAP 2015-2016 D\u00fcnya S\u0131ralamas\u0131 Bas\u0131n A\u00e7\u0131klamas\u0131 \u00dcniversite S\u0131ralamalar\u0131n\u0131n Toplumdaki Etkileri\u00a0 \u00dcniversite Se\u00e7erken Adaylar Nelere Dikkat Etmeli? \u00a0 \u00dcniversitelerimizin 23 Bilim [&hellip;]\" \/>\n<meta property=\"og:url\" content=\"https:\/\/uralakbulut.com.tr\/?p=33&amp;lang=tr\" \/>\n<meta property=\"og:site_name\" content=\"Ural Akbulut\" \/>\n<meta property=\"article:published_time\" content=\"2009-11-20T08:48:29+00:00\" \/>\n<meta property=\"article:modified_time\" content=\"2023-03-24T17:35:14+00:00\" \/>\n<meta property=\"og:image\" content=\"http:\/\/www.uralakbulut.com.tr\/wp-content\/uploads\/2014\/01\/yeni.jpg\" \/>\n<meta name=\"twitter:card\" content=\"summary_large_image\" \/>\n<meta name=\"twitter:label1\" content=\"Written by\" \/>\n\t<meta name=\"twitter:data1\" content=\"Admin\" \/>\n\t<meta name=\"twitter:label2\" content=\"Est. reading time\" \/>\n\t<meta name=\"twitter:data2\" content=\"12 minutes\" \/>\n<script type=\"application\/ld+json\" class=\"yoast-schema-graph\">{\"@context\":\"https:\/\/schema.org\",\"@graph\":[{\"@type\":\"WebSite\",\"@id\":\"https:\/\/uralakbulut.com.tr\/#website\",\"url\":\"https:\/\/uralakbulut.com.tr\/\",\"name\":\"Ural Akbulut\",\"description\":\"Ki\\u015fisel Web Sayfas\\u0131\",\"potentialAction\":[{\"@type\":\"SearchAction\",\"target\":{\"@type\":\"EntryPoint\",\"urlTemplate\":\"https:\/\/uralakbulut.com.tr\/?s={search_term_string}\"},\"query-input\":\"required name=search_term_string\"}],\"inLanguage\":\"en-US\"},{\"@type\":\"ImageObject\",\"@id\":\"https:\/\/uralakbulut.com.tr\/?p=33&lang=tr#primaryimage\",\"inLanguage\":\"en-US\",\"url\":\"http:\/\/www.uralakbulut.com.tr\/wp-content\/uploads\/2014\/01\/yeni.jpg\",\"contentUrl\":\"http:\/\/www.uralakbulut.com.tr\/wp-content\/uploads\/2014\/01\/yeni.jpg\"},{\"@type\":\"WebPage\",\"@id\":\"https:\/\/uralakbulut.com.tr\/?p=33&lang=tr#webpage\",\"url\":\"https:\/\/uralakbulut.com.tr\/?p=33&lang=tr\",\"name\":\"Yazilar - Ural Akbulut\",\"isPartOf\":{\"@id\":\"https:\/\/uralakbulut.com.tr\/#website\"},\"primaryImageOfPage\":{\"@id\":\"https:\/\/uralakbulut.com.tr\/?p=33&lang=tr#primaryimage\"},\"datePublished\":\"2009-11-20T08:48:29+00:00\",\"dateModified\":\"2023-03-24T17:35:14+00:00\",\"author\":{\"@id\":\"https:\/\/uralakbulut.com.tr\/#\/schema\/person\/4a44226aac9adc66e309ee2fffb93253\"},\"breadcrumb\":{\"@id\":\"https:\/\/uralakbulut.com.tr\/?p=33&lang=tr#breadcrumb\"},\"inLanguage\":\"en-US\",\"potentialAction\":[{\"@type\":\"ReadAction\",\"target\":[\"https:\/\/uralakbulut.com.tr\/?p=33&lang=tr\"]}]},{\"@type\":\"BreadcrumbList\",\"@id\":\"https:\/\/uralakbulut.com.tr\/?p=33&lang=tr#breadcrumb\",\"itemListElement\":[{\"@type\":\"ListItem\",\"position\":1,\"name\":\"Home\",\"item\":\"https:\/\/uralakbulut.com.tr\/?lang=tr\"},{\"@type\":\"ListItem\",\"position\":2,\"name\":\"Yazilar\"}]},{\"@type\":\"Person\",\"@id\":\"https:\/\/uralakbulut.com.tr\/#\/schema\/person\/4a44226aac9adc66e309ee2fffb93253\",\"name\":\"Admin\",\"image\":{\"@type\":\"ImageObject\",\"@id\":\"https:\/\/uralakbulut.com.tr\/#personlogo\",\"inLanguage\":\"en-US\",\"url\":\"https:\/\/secure.gravatar.com\/avatar\/36ac7318c481c1e57d3004b5e5501c4717385ce2981f29324f71ff5e80facf0f?s=96&d=mm&r=g\",\"contentUrl\":\"https:\/\/secure.gravatar.com\/avatar\/36ac7318c481c1e57d3004b5e5501c4717385ce2981f29324f71ff5e80facf0f?s=96&d=mm&r=g\",\"caption\":\"Admin\"}}]}<\/script>\n<!-- \/ Yoast SEO plugin. -->","yoast_head_json":{"title":"Yazilar - Ural Akbulut","robots":{"index":"index","follow":"follow","max-snippet":"max-snippet:-1","max-image-preview":"max-image-preview:large","max-video-preview":"max-video-preview:-1"},"canonical":"https:\/\/uralakbulut.com.tr\/?p=33&lang=tr","og_locale":"en_US","og_type":"article","og_title":"Yazilar - Ural Akbulut","og_description":"\u00dcN\u0130VERS\u0130TE SIRALAMALARI \u00dcniversiteler Z Ku\u015fa\u011f\u0131n\u0131 \u0130yi Yeti\u015ftirmeli\u00a0 \u00dcniversitelerimiz E\u011fitim Ve Ara\u015ft\u0131rmada Yeni Devrimlere Haz\u0131r Olmal\u0131? URAP 2015-2016 D\u00fcnya S\u0131ralamas\u0131 Bas\u0131n A\u00e7\u0131klamas\u0131 \u00dcniversite S\u0131ralamalar\u0131n\u0131n Toplumdaki Etkileri\u00a0 \u00dcniversite Se\u00e7erken Adaylar Nelere Dikkat Etmeli? \u00a0 \u00dcniversitelerimizin 23 Bilim [&hellip;]","og_url":"https:\/\/uralakbulut.com.tr\/?p=33&lang=tr","og_site_name":"Ural Akbulut","article_published_time":"2009-11-20T08:48:29+00:00","article_modified_time":"2023-03-24T17:35:14+00:00","og_image":[{"url":"http:\/\/www.uralakbulut.com.tr\/wp-content\/uploads\/2014\/01\/yeni.jpg"}],"twitter_card":"summary_large_image","twitter_misc":{"Written by":"Admin","Est. reading time":"12 minutes"},"schema":{"@context":"https:\/\/schema.org","@graph":[{"@type":"WebSite","@id":"https:\/\/uralakbulut.com.tr\/#website","url":"https:\/\/uralakbulut.com.tr\/","name":"Ural Akbulut","description":"Ki\u015fisel Web Sayfas\u0131","potentialAction":[{"@type":"SearchAction","target":{"@type":"EntryPoint","urlTemplate":"https:\/\/uralakbulut.com.tr\/?s={search_term_string}"},"query-input":"required name=search_term_string"}],"inLanguage":"en-US"},{"@type":"ImageObject","@id":"https:\/\/uralakbulut.com.tr\/?p=33&lang=tr#primaryimage","inLanguage":"en-US","url":"http:\/\/www.uralakbulut.com.tr\/wp-content\/uploads\/2014\/01\/yeni.jpg","contentUrl":"http:\/\/www.uralakbulut.com.tr\/wp-content\/uploads\/2014\/01\/yeni.jpg"},{"@type":"WebPage","@id":"https:\/\/uralakbulut.com.tr\/?p=33&lang=tr#webpage","url":"https:\/\/uralakbulut.com.tr\/?p=33&lang=tr","name":"Yazilar - Ural Akbulut","isPartOf":{"@id":"https:\/\/uralakbulut.com.tr\/#website"},"primaryImageOfPage":{"@id":"https:\/\/uralakbulut.com.tr\/?p=33&lang=tr#primaryimage"},"datePublished":"2009-11-20T08:48:29+00:00","dateModified":"2023-03-24T17:35:14+00:00","author":{"@id":"https:\/\/uralakbulut.com.tr\/#\/schema\/person\/4a44226aac9adc66e309ee2fffb93253"},"breadcrumb":{"@id":"https:\/\/uralakbulut.com.tr\/?p=33&lang=tr#breadcrumb"},"inLanguage":"en-US","potentialAction":[{"@type":"ReadAction","target":["https:\/\/uralakbulut.com.tr\/?p=33&lang=tr"]}]},{"@type":"BreadcrumbList","@id":"https:\/\/uralakbulut.com.tr\/?p=33&lang=tr#breadcrumb","itemListElement":[{"@type":"ListItem","position":1,"name":"Home","item":"https:\/\/uralakbulut.com.tr\/?lang=tr"},{"@type":"ListItem","position":2,"name":"Yazilar"}]},{"@type":"Person","@id":"https:\/\/uralakbulut.com.tr\/#\/schema\/person\/4a44226aac9adc66e309ee2fffb93253","name":"Admin","image":{"@type":"ImageObject","@id":"https:\/\/uralakbulut.com.tr\/#personlogo","inLanguage":"en-US","url":"https:\/\/secure.gravatar.com\/avatar\/36ac7318c481c1e57d3004b5e5501c4717385ce2981f29324f71ff5e80facf0f?s=96&d=mm&r=g","contentUrl":"https:\/\/secure.gravatar.com\/avatar\/36ac7318c481c1e57d3004b5e5501c4717385ce2981f29324f71ff5e80facf0f?s=96&d=mm&r=g","caption":"Admin"}}]}},"_links":{"self":[{"href":"https:\/\/uralakbulut.com.tr\/index.php?rest_route=\/wp\/v2\/posts\/33","targetHints":{"allow":["GET"]}}],"collection":[{"href":"https:\/\/uralakbulut.com.tr\/index.php?rest_route=\/wp\/v2\/posts"}],"about":[{"href":"https:\/\/uralakbulut.com.tr\/index.php?rest_route=\/wp\/v2\/types\/post"}],"author":[{"embeddable":true,"href":"https:\/\/uralakbulut.com.tr\/index.php?rest_route=\/wp\/v2\/users\/1"}],"replies":[{"embeddable":true,"href":"https:\/\/uralakbulut.com.tr\/index.php?rest_route=%2Fwp%2Fv2%2Fcomments&post=33"}],"version-history":[{"count":5,"href":"https:\/\/uralakbulut.com.tr\/index.php?rest_route=\/wp\/v2\/posts\/33\/revisions"}],"predecessor-version":[{"id":1716,"href":"https:\/\/uralakbulut.com.tr\/index.php?rest_route=\/wp\/v2\/posts\/33\/revisions\/1716"}],"wp:attachment":[{"href":"https:\/\/uralakbulut.com.tr\/index.php?rest_route=%2Fwp%2Fv2%2Fmedia&parent=33"}],"wp:term":[{"taxonomy":"category","embeddable":true,"href":"https:\/\/uralakbulut.com.tr\/index.php?rest_route=%2Fwp%2Fv2%2Fcategories&post=33"},{"taxonomy":"post_tag","embeddable":true,"href":"https:\/\/uralakbulut.com.tr\/index.php?rest_route=%2Fwp%2Fv2%2Ftags&post=33"}],"curies":[{"name":"wp","href":"https:\/\/api.w.org\/{rel}","templated":true}]}}